{"id":3007,"count":1,"description":"","link":"https:\/\/www1.esev.ipv.pt\/dacomunicacao\/?tag=direcao-geral-da-saude","name":"Dire\u00e7\u00e3o-Geral da Sa\u00fade","slug":"direcao-geral-da-saude","taxonomy":"post_tag","meta":[],"_links":{"self":[{"href":"https:\/\/www1.esev.ipv.pt\/dacomunicacao\/index.php?rest_route=\/wp\/v2\/tags\/3007"}],"collection":[{"href":"https:\/\/www1.esev.ipv.pt\/dacomunicacao\/index.php?rest_route=\/wp\/v2\/tags"}],"about":[{"href":"https:\/\/www1.esev.ipv.pt\/dacomunicacao\/index.php?rest_route=\/wp\/v2\/taxonomies\/post_tag"}],"wp:post_type":[{"href":"https:\/\/www1.esev.ipv.pt\/dacomunicacao\/index.php?rest_route=%2Fwp%2Fv2%2Fposts&tags=3007"}],"curies":[{"name":"wp","href":"https:\/\/api.w.org\/{rel}","templated":true}]}}