{"id":2908,"count":1,"description":"","link":"https:\/\/www1.esev.ipv.pt\/dacomunicacao\/?tag=programa-municipal-de-apoio-as-familias-para-incentivo-a-natalidade-e-a-adocao","name":"Programa Municipal de Apoio \u00e0s Fam\u00edlias para Incentivo \u00e0 Natalidade e \u00e0 Ado\u00e7\u00e3o","slug":"programa-municipal-de-apoio-as-familias-para-incentivo-a-natalidade-e-a-adocao","taxonomy":"post_tag","meta":[],"_links":{"self":[{"href":"https:\/\/www1.esev.ipv.pt\/dacomunicacao\/index.php?rest_route=\/wp\/v2\/tags\/2908"}],"collection":[{"href":"https:\/\/www1.esev.ipv.pt\/dacomunicacao\/index.php?rest_route=\/wp\/v2\/tags"}],"about":[{"href":"https:\/\/www1.esev.ipv.pt\/dacomunicacao\/index.php?rest_route=\/wp\/v2\/taxonomies\/post_tag"}],"wp:post_type":[{"href":"https:\/\/www1.esev.ipv.pt\/dacomunicacao\/index.php?rest_route=%2Fwp%2Fv2%2Fposts&tags=2908"}],"curies":[{"name":"wp","href":"https:\/\/api.w.org\/{rel}","templated":true}]}}