{"id":9800,"date":"2020-07-10T16:41:11","date_gmt":"2020-07-10T16:41:11","guid":{"rendered":"http:\/\/www.esev.ipv.pt\/dacomunicacao\/?p=9800"},"modified":"2020-07-10T16:41:15","modified_gmt":"2020-07-10T16:41:15","slug":"politecnico-de-viseu-recebe-financiamento-de-180-mil-euros-para-escolas-de-verao","status":"publish","type":"post","link":"https:\/\/www1.esev.ipv.pt\/dacomunicacao\/?p=9800","title":{"rendered":"Polit\u00e9cnico de Viseu recebe financiamento de 180 mil euros para \u201cEscolas de Ver\u00e3o\u201d"},"content":{"rendered":"\n<p><strong><em>Um apoio especial da Funda\u00e7\u00e3o para a Ci\u00eancia e Tecnologia (FCT) vai dinamizar a realiza\u00e7\u00e3o de &#8220;Escolas de Ver\u00e3o&#8221; em resposta \u00e0 pandemia de COVID-19. Entre julho e outubro, o Polit\u00e9cnico de Viseu &#8211; o segundo Polit\u00e9cnico com mais candidaturas aprovadas &#8211; vai acolher oito \u201cEscolas de Ver\u00e3o\u201d.<\/em><\/strong><\/p>\n\n\n\n<p>A Funda\u00e7\u00e3o para a Ci\u00eancia e Tecnologia (FCT) anunciou a atribui\u00e7\u00e3o de financiamento no montante de 179.941,00 euros a oito \u201cEscolas de Ver\u00e3o\u201d propostas pelo Polit\u00e9cnico de Viseu (PV). A iniciativa \u201cEscolas de Ver\u00e3o\u201d decorre no \u00e2mbito do apoio especial&nbsp;<a href=\"https:\/\/www.fct.pt\/apoios\/veraocomciencia\/index.phtml.pt\" target=\"_blank\" rel=\"noreferrer noopener\">\u201cVer\u00e3o com Ci\u00eancia\u201d<\/a>, promovido pela FCT, em colabora\u00e7\u00e3o com a Dire\u00e7\u00e3o Geral do Ensino Superior (DGES).<\/p>\n\n\n\n<p>Jo\u00e3o Monney Paiva, Presidente do Polit\u00e9cnico de Viseu, valoriza a din\u00e2mica dos docentes e investigadores das v\u00e1rias Escolas que, num curto espa\u00e7o de tempo, apresentaram projetos de \u00e1reas formativas como as Ci\u00eancias Agr\u00e1rias, Alimentares e Veterin\u00e1rias, as Ci\u00eancias da Vida e da Sa\u00fade, a Educa\u00e7\u00e3o e Desenvolvimento Social e as Engenharias e Tecnologias.<\/p>\n\n\n\n<p>Para al\u00e9m do importante contributo que esta iniciativa vai constituir para a forma\u00e7\u00e3o dos estudantes, Jo\u00e3o Monney Paiva considera que este financiamento contribui para os bons resultados que t\u00eam sido obtidos na \u00e1rea da Investiga\u00e7\u00e3o e Inova\u00e7\u00e3o no PV, com aumento das receitas de v\u00e1rios projetos nacionais e internacionais, atrav\u00e9s da colabora\u00e7\u00e3o crescente entre as diversas escolas superiores e seus departamentos.<\/p>\n\n\n\n<p>As \u201cEscolas de Ver\u00e3o\u201d aprovadas para o Polit\u00e9cnico de Viseu foram: \u201cA aplica\u00e7\u00e3o da Impress\u00e3o 3D a Projetos de I&amp;D\u201d, Serafim Oliveira; \u201cAgroecologia e sistemas alimentares sustent\u00e1veis\u201d, Cristina Amaro da Costa; \u201cAplica\u00e7\u00f5es IoT para a \u00e1rea da sa\u00fade\u201d, Ivan Pires; \u201cCompet\u00eancias Emocionais e Preven\u00e7\u00e3o do Abandono no Ensino Superior\u201d, Manuela Ferreira; \u201cDin\u00e2micas e Estrat\u00e9gias de Inclus\u00e3o para a Promo\u00e7\u00e3o e Literacia em Sa\u00fade no Ensino Superior\u201d, Carlos Albuquerque; \u201cEconomia circular \u2013 Desenvolvimento de Solu\u00e7\u00f5es Sustent\u00e1veis\u201d, Isabel Br\u00e1s; e \u201cINVEST &#8211; Inicia\u00e7\u00e3o \u00e0 inVESTiga\u00e7\u00e3o e Publica\u00e7\u00e3o cient\u00edfica: potencialidades da revis\u00e3o sistem\u00e1tica da literatura e meta-an\u00e1lise\u201d, Madalena Cunha, e \u201cMentores em a\u00e7\u00e3o\u201d, Em\u00edlia Coutinho.<br><\/p>\n","protected":false},"excerpt":{"rendered":"<p>Um apoio especial da Funda\u00e7\u00e3o para a Ci\u00eancia e Tecnologia (FCT) vai dinamizar a realiza\u00e7\u00e3o de &#8220;Escolas de Ver\u00e3o&#8221; em<\/p>\n","protected":false},"author":4,"featured_media":9803,"comment_status":"open","ping_status":"open","sticky":false,"template":"","format":"standard","meta":[],"categories":[11],"tags":[290,2813,188,2814],"_links":{"self":[{"href":"https:\/\/www1.esev.ipv.pt\/dacomunicacao\/index.php?rest_route=\/wp\/v2\/posts\/9800"}],"collection":[{"href":"https:\/\/www1.esev.ipv.pt\/dacomunicacao\/index.php?rest_route=\/wp\/v2\/posts"}],"about":[{"href":"https:\/\/www1.esev.ipv.pt\/dacomunicacao\/index.php?rest_route=\/wp\/v2\/types\/post"}],"author":[{"embeddable":true,"href":"https:\/\/www1.esev.ipv.pt\/dacomunicacao\/index.php?rest_route=\/wp\/v2\/users\/4"}],"replies":[{"embeddable":true,"href":"https:\/\/www1.esev.ipv.pt\/dacomunicacao\/index.php?rest_route=%2Fwp%2Fv2%2Fcomments&post=9800"}],"version-history":[{"count":1,"href":"https:\/\/www1.esev.ipv.pt\/dacomunicacao\/index.php?rest_route=\/wp\/v2\/posts\/9800\/revisions"}],"predecessor-version":[{"id":9804,"href":"https:\/\/www1.esev.ipv.pt\/dacomunicacao\/index.php?rest_route=\/wp\/v2\/posts\/9800\/revisions\/9804"}],"wp:featuredmedia":[{"embeddable":true,"href":"https:\/\/www1.esev.ipv.pt\/dacomunicacao\/index.php?rest_route=\/wp\/v2\/media\/9803"}],"wp:attachment":[{"href":"https:\/\/www1.esev.ipv.pt\/dacomunicacao\/index.php?rest_route=%2Fwp%2Fv2%2Fmedia&parent=9800"}],"wp:term":[{"taxonomy":"category","embeddable":true,"href":"https:\/\/www1.esev.ipv.pt\/dacomunicacao\/index.php?rest_route=%2Fwp%2Fv2%2Fcategories&post=9800"},{"taxonomy":"post_tag","embeddable":true,"href":"https:\/\/www1.esev.ipv.pt\/dacomunicacao\/index.php?rest_route=%2Fwp%2Fv2%2Ftags&post=9800"}],"curies":[{"name":"wp","href":"https:\/\/api.w.org\/{rel}","templated":true}]}}