{"id":9785,"date":"2020-06-25T13:43:31","date_gmt":"2020-06-25T13:43:31","guid":{"rendered":"http:\/\/www.esev.ipv.pt\/dacomunicacao\/?p=9785"},"modified":"2020-06-25T13:43:37","modified_gmt":"2020-06-25T13:43:37","slug":"covid-19-traz-mudancas-as-escolas-de-conducao-e-cria-urgencia-na-adaptacao","status":"publish","type":"post","link":"https:\/\/www1.esev.ipv.pt\/dacomunicacao\/?p=9785","title":{"rendered":"Covid 19 traz mudan\u00e7as \u00e0s Escolas de condu\u00e7\u00e3o e cria urg\u00eancia na adapta\u00e7\u00e3o"},"content":{"rendered":"\n<p><em><strong>A Covid19 veio a trazer constrangimentos e a urg\u00eancia de adapta\u00e7\u00e3o da sociedade, mais precisamente na \u00e1rea dos neg\u00f3cios e com\u00e9rcio. \u00c9 nessa situa\u00e7\u00e3o que se encontra a Escola de Condu\u00e7\u00e3o Armando Cruz, em Viseu.<\/strong><\/em><\/p>\n\n\n\n<p><strong>Por Ricardo Miguel Rodrigues<\/strong><\/p>\n\n\n\n<p>Catarina Cruz, s\u00f3cia e gerente da\nempresa, explica a situa\u00e7\u00e3o atual da escola e as maneiras encontradas para\nresolver os problemas causados pela Covid19. Depois de meses em que as\natividades da escola foram canceladas, a retoma trouxe um conjunto de\nconstrangimentos que levou \u00e0 adapta\u00e7\u00e3o das instala\u00e7\u00f5es e dos comportamentos de\nfuncion\u00e1rios e alunos.<\/p>\n\n\n\n<p>Alunos e instrutores t\u00eam de usar\nm\u00e1scara, \u00e9 distribu\u00eddo \u00e1lcool gel \u00e0 entrada e sa\u00edda da escola, e foi colocado\num acr\u00edlico na secretaria, para prote\u00e7\u00e3o dos funcion\u00e1rios.<\/p>\n\n\n\n<p>\u201cPara podermos retomar as aulas,\ntivemos que adotar algumas medidas, por exemplo, no acesso \u00e0 instala\u00e7\u00e3o s\u00f3 \u00e9\npermitida a entrada de uma pessoa de cada vez, que deve respeitar as marcas de\nforma a n\u00e3o se aproximar muito da pessoa que est\u00e1 no atendimento\u201d, explica.<\/p>\n\n\n\n<p>As aulas de c\u00f3digo necessitam de\nmarca\u00e7\u00e3o e encontram-se com o seu espa\u00e7o reduzido para metade. As aulas de\ncondu\u00e7\u00e3o, devido \u00e0 aproxima\u00e7\u00e3o necess\u00e1ria entre aluno e instrutor, obrigam \u00e0\nnecessidade de tanto aluno como instrutor utilizarem m\u00e1scara, e ainda a\ndesinfesta\u00e7\u00e3o do carro por completo no fim de cada aula.<\/p>\n","protected":false},"excerpt":{"rendered":"<p>A Covid19 veio a trazer constrangimentos e a urg\u00eancia de adapta\u00e7\u00e3o da sociedade, mais precisamente na \u00e1rea dos neg\u00f3cios e<\/p>\n","protected":false},"author":4,"featured_media":9786,"comment_status":"open","ping_status":"open","sticky":false,"template":"","format":"standard","meta":[],"categories":[399,462],"tags":[2662,2806,76],"_links":{"self":[{"href":"https:\/\/www1.esev.ipv.pt\/dacomunicacao\/index.php?rest_route=\/wp\/v2\/posts\/9785"}],"collection":[{"href":"https:\/\/www1.esev.ipv.pt\/dacomunicacao\/index.php?rest_route=\/wp\/v2\/posts"}],"about":[{"href":"https:\/\/www1.esev.ipv.pt\/dacomunicacao\/index.php?rest_route=\/wp\/v2\/types\/post"}],"author":[{"embeddable":true,"href":"https:\/\/www1.esev.ipv.pt\/dacomunicacao\/index.php?rest_route=\/wp\/v2\/users\/4"}],"replies":[{"embeddable":true,"href":"https:\/\/www1.esev.ipv.pt\/dacomunicacao\/index.php?rest_route=%2Fwp%2Fv2%2Fcomments&post=9785"}],"version-history":[{"count":1,"href":"https:\/\/www1.esev.ipv.pt\/dacomunicacao\/index.php?rest_route=\/wp\/v2\/posts\/9785\/revisions"}],"predecessor-version":[{"id":9787,"href":"https:\/\/www1.esev.ipv.pt\/dacomunicacao\/index.php?rest_route=\/wp\/v2\/posts\/9785\/revisions\/9787"}],"wp:featuredmedia":[{"embeddable":true,"href":"https:\/\/www1.esev.ipv.pt\/dacomunicacao\/index.php?rest_route=\/wp\/v2\/media\/9786"}],"wp:attachment":[{"href":"https:\/\/www1.esev.ipv.pt\/dacomunicacao\/index.php?rest_route=%2Fwp%2Fv2%2Fmedia&parent=9785"}],"wp:term":[{"taxonomy":"category","embeddable":true,"href":"https:\/\/www1.esev.ipv.pt\/dacomunicacao\/index.php?rest_route=%2Fwp%2Fv2%2Fcategories&post=9785"},{"taxonomy":"post_tag","embeddable":true,"href":"https:\/\/www1.esev.ipv.pt\/dacomunicacao\/index.php?rest_route=%2Fwp%2Fv2%2Ftags&post=9785"}],"curies":[{"name":"wp","href":"https:\/\/api.w.org\/{rel}","templated":true}]}}