{"id":9601,"date":"2020-06-17T11:08:05","date_gmt":"2020-06-17T11:08:05","guid":{"rendered":"http:\/\/www.esev.ipv.pt\/dacomunicacao\/?p=9601"},"modified":"2020-06-17T11:08:09","modified_gmt":"2020-06-17T11:08:09","slug":"saber-a-diferenca-entre-ser-muito-bom-e-ser-fora-de-serie","status":"publish","type":"post","link":"https:\/\/www1.esev.ipv.pt\/dacomunicacao\/?p=9601","title":{"rendered":"\u201cSaber a diferen\u00e7a entre ser muito bom e ser fora de s\u00e9rie\u201d"},"content":{"rendered":"\n<p><strong><em>Miguel Tavares Rodrigues, jogador profissional de voleibol, neste momento ao servi\u00e7o dos polacos do Cuprum Lubin e Internacional portugu\u00eas pela sele\u00e7\u00e3o A, concedeu uma entrevista, em exclusivo, ao #dacomunica\u00e7\u00e3o. Com 27 anos, est\u00e1 na sexta temporada consecutiva a jogar no estrangeiro. Ap\u00f3s a sa\u00edda do Benfica, com apenas 21 anos de idade, conta com passagens pelos italianos do Copra Piacenza, pelos franceses do Tourcoing e do Rennes Voley, \u00faltimos clubes que representou antes de viajar at\u00e9 \u00e0 Pol\u00f3nia. Foi a partir de Lisboa, para onde regressou ap\u00f3s o encerramento da liga polaca, provocado pela pandemia da covid-19, que nos abriu o livro sobre a sua vida pessoal e profissional. <\/em><\/strong><\/p>\n\n\n\n<p><strong>Por Andr\u00e9 Reis e Henrique Magno<\/strong><\/p>\n\n\n\n<div class=\"wp-block-image\"><figure class=\"aligncenter\"><img loading=\"lazy\" width=\"424\" height=\"255\" src=\"http:\/\/www.esev.ipv.pt\/dacomunicacao\/wp-content\/uploads\/2020\/06\/Miguel-Tavares.png\" alt=\"\" class=\"wp-image-9602\" srcset=\"https:\/\/www1.esev.ipv.pt\/dacomunicacao\/wp-content\/uploads\/2020\/06\/Miguel-Tavares.png 424w, https:\/\/www1.esev.ipv.pt\/dacomunicacao\/wp-content\/uploads\/2020\/06\/Miguel-Tavares-300x180.png 300w\" sizes=\"(max-width: 424px) 100vw, 424px\" \/><figcaption>Miguel Tavares Rodrigues ao servi\u00e7o do Cuprum Lubin, na Pol\u00f3nia <\/figcaption><\/figure><\/div>\n\n\n\n<p><strong>Como surgiu o voleibol na sua vida?<\/strong><\/p>\n\n\n\n<p>Foi muito por causa dos meus pais. A minha m\u00e3e foi jogadora da sele\u00e7\u00e3o e do Sporting, ganhou m\u00faltiplos campeonatos nacionais, e o meu pai foi treinador do Sporting. Venho de uma fam\u00edlia de voleibolistas, porque o meu padrinho tamb\u00e9m foi selecionador nacional de masculinos. Eu ia para os pavilh\u00f5es desde pequenino, pratiquei muitos desportos, mas acabei por escolher o v\u00f3lei.<\/p>\n\n\n\n<p><\/p>\n\n\n\n<p><strong>A fam\u00edlia foi importante para vingar no\nvoleibol?<\/strong><\/p>\n\n\n\n<p>Claro que sim. Ter uma fam\u00edlia que apoia e incentiva sempre a fazer desporto, seja ele qual seja, \u00e9 muito importante. Sempre me disseram que havia tempo para tudo, nunca faltei aos treinos por causa da escola. Pode haver a\u00ed uma diferen\u00e7a com outro tipo de pais. Al\u00e9m disso, o facto dos meus tamb\u00e9m serem professores, oferece a vantagem em eles entenderem alguns problemas.<\/p>\n\n\n\n<p><\/p>\n\n\n\n<p><strong>Como foi terminar a liga\u00e7\u00e3o de nove anos com o\nSport Lisboa e Benfica?<\/strong><\/p>\n\n\n\n<p>N\u00e3o acredito que tenha sido o fim, foi apenas uma sa\u00edda para continuar a minha carreira. O Benfica formou-me como atleta, \u00e9 um TOP-10 a n\u00edvel de condi\u00e7\u00f5es, uma experi\u00eancia que nem todos os atletas t\u00eam. Consegue ter v\u00e1rias modalidades com condi\u00e7\u00f5es de topo, e isso fez muita diferen\u00e7a para eu poder sempre tentar tirar o melhor de mim a cada \u00e9poca.<\/p>\n\n\n\n<p><\/p>\n\n\n\n<p><strong>Sair do Benfica ainda jovem, foi um passo\nimportante para conseguir chegar onde chegou?<\/strong><\/p>\n\n\n\n<p>Sem d\u00favida. Foi uma decis\u00e3o dif\u00edcil, mas que originou um dos passos mais importantes que dei. At\u00e9 l\u00e1 eu estava a estudar a mesmo tempo que jogava, nunca tinha decidido que s\u00f3 queria o v\u00f3lei, mas sair do pa\u00eds t\u00e3o novo, e ainda por cima para It\u00e1lia, era uma proposta irrecus\u00e1vel.<\/p>\n\n\n\n<p><\/p>\n\n\n\n<p><strong>Os seus pais apoiaram-no no abandono dos\nestudos?<\/strong><\/p>\n\n\n\n<p>Eu nos primeiros anos ainda tentei conciliar. Em Fran\u00e7a perante as dificuldades de exig\u00eancia do Instituto Superior T\u00e9cnico, pedi transfer\u00eancia para a Universidade Aberta, que nos permite fazer um estudo \u00e0 dist\u00e2ncia e s\u00f3 obriga a um exame presencial por cadeira. Assim fui estudando sozinho, fazendo algumas cadeiras, mas este ano congelei a matr\u00edcula para me focar neste grande desafio.<\/p>\n\n\n\n<p><\/p>\n\n\n\n<p><strong>Tem o objetivo de acabar o curso?<\/strong><\/p>\n\n\n\n<p>Acho que ser\u00e1 poss\u00edvel ainda a jogar v\u00f3lei, fazendo uma ou duas cadeiras por semestre. Mas n\u00e3o \u00e9 um objetivo que me preocupe neste momento, \u00e9 mais um brio pessoal que quero ter, porque \u00e9 sempre importante ser licenciado.<\/p>\n\n\n\n<p><\/p>\n\n\n\n<p><strong>Como foi ficar sem a fam\u00edlia aos 21 anos?<\/strong><\/p>\n\n\n\n<p>Nunca estive s\u00f3. Eu tive muita sorte, porque o empres\u00e1rio italiano que me levou j\u00e1 era meu conhecido. Ent\u00e3o, quando cheguei a Piacenza, j\u00e1 tinha um amigo em quem podia confiar. Al\u00e9m disso, o primeiro ano partilhei casa com um jogador americano, e n\u00f3s demo-nos muito bem desde o in\u00edcio. Tudo isso ajudou \u00e0 adapta\u00e7\u00e3o, al\u00e9m do apoio da fam\u00edlia e da minha namorada, que sempre me iam visitar com regularidade.<\/p>\n\n\n\n<p><\/p>\n\n\n\n<p><strong>O que \u00e9 preciso para chegar ao voleibol\nprofissional?<\/strong><\/p>\n\n\n\n<p>\u00c9 precisa uma combina\u00e7\u00e3o perfeita de sorte, ambi\u00e7\u00e3o e acreditar em n\u00f3s pr\u00f3prios. Em Portugal havia muitos jogadores com potencial para jogar no estrangeiro, mas o facto de n\u00e3o acreditarem nisso ou n\u00e3o terem um empres\u00e1rio de confian\u00e7a, impediu-os de darem o salto definitivo para fora.<\/p>\n\n\n\n<p><\/p>\n\n\n\n<p><strong>Chega a privar-se de alguma coisa para estar\nao mais alto n\u00edvel?<\/strong><\/p>\n\n\n\n<p>Tirando os casos da \u201cjunk food\u201d e dos doces, que me obrigam a ter um pouco mais de controlo durante as \u00e9pocas, acho que n\u00e3o h\u00e1 nada de que me prive. Estar longe da fam\u00edlia durante grande parte do tempo \u00e9 a maior priva\u00e7\u00e3o.<\/p>\n\n\n\n<p><\/p>\n\n\n\n<p><strong>Como \u00e9 a rotina de um jogador de voleibol\nprofissional?<\/strong><\/p>\n\n\n\n<p>No clube acabamos por estar mais sozinhos. A rotina \u00e9 mais individual e cada um faz o que acha mais correto, tirando os treinos que s\u00e3o obrigat\u00f3rios.<\/p>\n\n\n\n<p><\/p>\n\n\n\n<p><strong>Jogo mais importante da sua vida?<\/strong><\/p>\n\n\n\n<p>Para isso tenho de fazer um top-3. O \u00faltimo jogo do campeonato franc\u00eas em que assegur\u00e1mos a subida \u00e0 primeira divis\u00e3o, a final da ta\u00e7a de Fran\u00e7a onde ganh\u00e1mos 3-2, e por fim, com a sele\u00e7\u00e3o na final da challenger cup que nos fez qualificar para a fase seguinte.<\/p>\n\n\n\n<p><\/p>\n\n\n\n<p><strong>Se houver a possibilidade de regressar a\nPortugal para um clube que n\u00e3o seja o Benfica, aceitava? <\/strong><\/p>\n\n\n\n<p>Acho que, neste momento, n\u00e3o aceitaria qualquer proposta para regressar a Portugal. No futuro o que ter\u00e1 de ser acontecer\u00e1 e ningu\u00e9m pode prever isso.<\/p>\n\n\n\n<p><\/p>\n\n\n\n<h2>A ida para a Pol\u00f3nia<\/h2>\n\n\n\n<p><strong>Sentiu a diferen\u00e7a do rigor da Liga Polaca\npara as outras onde j\u00e1 jogou?<\/strong><\/p>\n\n\n\n<p>Sim. A italiana \u00e9 a liga mais cotada da Europa, e provavelmente logo a seguir vem a polaca, ambas t\u00eam um profissionalismo incr\u00edvel. Aqui todos os jogos d\u00e3o na televis\u00e3o em direto e em diferido, o jogador de v\u00f3lei \u00e9 uma estrela. E isso n\u00e3o se encontra em Fran\u00e7a, por exemplo. Aqui n\u00e3o h\u00e1 mensalidades extra para se ver os jogos, e a qualidade dos jogadores \u00e9 maior, devido ao maior dinheiro e mediatismo envolvidos.<\/p>\n\n\n\n<p><\/p>\n\n\n\n<p><strong>O que falta \u00e0 liga portuguesa para chegar a\nesse n\u00edvel?<\/strong><\/p>\n\n\n\n<p>Falta um trabalho de forma\u00e7\u00e3o melhor. Faltam jogadores para ocupar os lugares de quem j\u00e1 est\u00e1 na liga. D\u00e1 para ver na sele\u00e7\u00e3o, porque \u00e0s vezes n\u00e3o chega ningu\u00e9m novo num ano, n\u00e3o h\u00e1 ningu\u00e9m com capacidade. Na Pol\u00f3nia aparecem 15 por ano. Em Portugal devia haver uma liga de clubes, independente da federa\u00e7\u00e3o, para haver mais retorno financeiro e medi\u00e1tico para os clubes. N\u00e3o h\u00e1 lucro para se jogar voleibol em Portugal. Com as oscila\u00e7\u00f5es no investimento de ano para ano, os clubes, tirando os \u201cgrandes\u201d, n\u00e3o conseguem crescer ao n\u00edvel de objetivos.<\/p>\n\n\n\n<p><\/p>\n\n\n\n<p><strong>Qual foi a principal dificuldade que teve na\nsua integra\u00e7\u00e3o na Pol\u00f3nia?<\/strong><\/p>\n\n\n\n<p>A l\u00edngua, sem d\u00favida. Somos s\u00f3 tr\u00eas estrangeiros na equipa, um deles era bielorrusso e n\u00e3o sabia falar ingl\u00eas e o outro era brasileiro. Ou seja, eu e o brasileiro fic\u00e1vamos sempre um bocado \u00e0 parte, porque quando havia sa\u00eddas de grupo a l\u00edngua oficial era o polaco.<\/p>\n\n\n\n<p><\/p>\n\n\n\n<p><strong>N\u00e3o dominar a l\u00edngua polaca teve influ\u00eancia na\nsua forma de jogar?<\/strong><\/p>\n\n\n\n<p>Acho que sim. Faz com que eu n\u00e3o esteja t\u00e3o confort\u00e1vel como estaria se falasse polaco. Por exemplo, estamos seis dentro de campo e est\u00e3o todos a falar polaco, eu sou o \u00fanico que n\u00e3o est\u00e1 a perceber. Na minha posi\u00e7\u00e3o, \u00e9 dif\u00edcil, tenho de estar atento aos jogadores \u00e0 minha volta e n\u00e3o conseguir perceber o que eles dizem complica a minha vida, porque n\u00e3o os posso corrigir.<\/p>\n\n\n\n<p><\/p>\n\n\n\n<p><strong>Que diferen\u00e7as trouxe na sua rotina esta crise pand\u00e9mica da Covid-19?<\/strong> A Pol\u00f3nia tomou muitas medidas antes de estarem numa situa\u00e7\u00e3o problem\u00e1tica, e o presidente do clube disse que podia regressar a Portugal, isto porque o campeonato j\u00e1 estava suspenso. Atualmente, estamos completamente parados, os jogadores \u00e9 que t\u00eam a responsabilidade para ir mantendo a forma.<\/p>\n\n\n\n<h2><strong>Miguel tornou-se internacional A pela sele\u00e7\u00e3o em 2011.<\/strong><\/h2>\n\n\n\n<p><strong>Em 2005, tem uma foto a pedir um aut\u00f3grafo ao\nJo\u00e3o Jos\u00e9. Qual \u00e9 o sentimento de ter conseguido chegar ao mesmo n\u00edvel?<\/strong><\/p>\n\n\n\n<p>(risos) Acho que ainda n\u00e3o cheguei ao mesmo patamar. Para mim o facto de ter conseguido jogado com ele, na sele\u00e7\u00e3o nacional, foi muito gratificante. Uma das coisas que mais teve significado para mim. Mas acho que ser\u00e1 dif\u00edcil um voleibolista portugu\u00eas chegar ao n\u00edvel do Jo\u00e3o Jos\u00e9, porque foi o \u00fanico portugu\u00eas a ganhar uma liga dos campe\u00f5es, \u00fanico a ter um t\u00edtulo individual num campeonato do mundo.<\/p>\n\n\n\n<div class=\"wp-block-image\"><figure class=\"aligncenter\"><img loading=\"lazy\" width=\"171\" height=\"170\" src=\"http:\/\/www.esev.ipv.pt\/dacomunicacao\/wp-content\/uploads\/2020\/06\/Miguel-Tavares1.png\" alt=\"\" class=\"wp-image-9603\" srcset=\"https:\/\/www1.esev.ipv.pt\/dacomunicacao\/wp-content\/uploads\/2020\/06\/Miguel-Tavares1.png 171w, https:\/\/www1.esev.ipv.pt\/dacomunicacao\/wp-content\/uploads\/2020\/06\/Miguel-Tavares1-150x150.png 150w\" sizes=\"(max-width: 171px) 100vw, 171px\" \/><figcaption>Jo\u00e3o Jos\u00e9 a dar um aut\u00f3grafo a Miguel Tavares<\/figcaption><\/figure><\/div>\n\n\n\n<p><strong>Sonha conquistar esses t\u00edtulos?<\/strong><\/p>\n\n\n\n<p>Claro que sim, eu trabalho diariamente para isso. Temos \u00e9 que ter paci\u00eancia e esperar pela nossa oportunidade e depois aproveit\u00e1-la.<\/p>\n\n\n\n<p><\/p>\n\n\n\n<p><strong>Qual foi a sensa\u00e7\u00e3o de representar Portugal,\nno campeonato da Europa, no ano passado?<\/strong>\n\n\u201cDevia\nter sido um grande objetivo alcan\u00e7ado, mas eu n\u00e3o o senti dessa maneira. O\ncampeonato da Europa foi alargado para 24 equipas, e isso, tirou um bocado de\nm\u00e9rito \u00e0 nossa qualifica\u00e7\u00e3o, e o facto, de n\u00f3s acabarmos a n\u00e3o passar o grupo\nna fase final, prova que caso o campeonato se tivesse mantido no mesmo formato\nn\u00f3s n\u00e3o nos ter\u00edamos qualificado. E devido a isso n\u00e3o fiquei satisfeito com a\nnossa presta\u00e7\u00e3o\u201d.\n\n\n\n<\/p>\n\n\n\n<div class=\"wp-block-image\"><figure class=\"aligncenter\"><img loading=\"lazy\" width=\"278\" height=\"183\" src=\"http:\/\/www.esev.ipv.pt\/dacomunicacao\/wp-content\/uploads\/2020\/06\/Miguel-Tavares2.png\" alt=\"\" class=\"wp-image-9604\"\/><figcaption>Miguel Tavares ao servi\u00e7o da Sele\u00e7\u00e3o, no Campeonato da Europa de 2019<\/figcaption><\/figure><\/div>\n\n\n\n<h2><strong>A vida fora do mudo do voleibol.<\/strong><\/h2>\n\n\n\n<p><strong>Como \u00e9 o Miguel fora do mundo do voleibol?<\/strong><\/p>\n\n\n\n<p>Eu gosto muito de ler sobre o mais alto n\u00edvel do desporto. Saber a diferen\u00e7a entre ser muito bom e ser fora de s\u00e9rie, porque esse \u00e9 o meu objetivo no v\u00f3lei. Gosto muito de viajar, e estar no estrangeiro \u00e9 uma vantagem para conhecer outros lugares que n\u00e3o teria oportunidade de conhecer. Gosto de estar com os meus amigos ou de ir jantar fora, n\u00e3o tenho assim um outro hobbie.<\/p>\n\n\n\n<p><\/p>\n\n\n\n<p><strong>J\u00e1 pensou no que vai fazer quando acabar a sua\ncarreira profissional de voleibolista?<\/strong><\/p>\n\n\n\n<p>Eu gosto de me focar no presente e viver aquilo que est\u00e1 a acontecer, porque acho que o futuro n\u00e3o d\u00e1 para controlar. E tamb\u00e9m devido \u00e0 minha posi\u00e7\u00e3o, eu acabo por fazer isso durante o jogo, ou seja, tomo decis\u00f5es a cada 10 segundos, e n\u00e3o posso ficar a pensar no que aconteceu na jogada anterior.<\/p>\n","protected":false},"excerpt":{"rendered":"<p>Miguel Tavares Rodrigues, jogador profissional de voleibol, neste momento ao servi\u00e7o dos polacos do Cuprum Lubin e Internacional portugu\u00eas pela<\/p>\n","protected":false},"author":4,"featured_media":9605,"comment_status":"open","ping_status":"open","sticky":false,"template":"","format":"standard","meta":[],"categories":[13],"tags":[2758,1321,2757,483],"_links":{"self":[{"href":"https:\/\/www1.esev.ipv.pt\/dacomunicacao\/index.php?rest_route=\/wp\/v2\/posts\/9601"}],"collection":[{"href":"https:\/\/www1.esev.ipv.pt\/dacomunicacao\/index.php?rest_route=\/wp\/v2\/posts"}],"about":[{"href":"https:\/\/www1.esev.ipv.pt\/dacomunicacao\/index.php?rest_route=\/wp\/v2\/types\/post"}],"author":[{"embeddable":true,"href":"https:\/\/www1.esev.ipv.pt\/dacomunicacao\/index.php?rest_route=\/wp\/v2\/users\/4"}],"replies":[{"embeddable":true,"href":"https:\/\/www1.esev.ipv.pt\/dacomunicacao\/index.php?rest_route=%2Fwp%2Fv2%2Fcomments&post=9601"}],"version-history":[{"count":1,"href":"https:\/\/www1.esev.ipv.pt\/dacomunicacao\/index.php?rest_route=\/wp\/v2\/posts\/9601\/revisions"}],"predecessor-version":[{"id":9606,"href":"https:\/\/www1.esev.ipv.pt\/dacomunicacao\/index.php?rest_route=\/wp\/v2\/posts\/9601\/revisions\/9606"}],"wp:featuredmedia":[{"embeddable":true,"href":"https:\/\/www1.esev.ipv.pt\/dacomunicacao\/index.php?rest_route=\/wp\/v2\/media\/9605"}],"wp:attachment":[{"href":"https:\/\/www1.esev.ipv.pt\/dacomunicacao\/index.php?rest_route=%2Fwp%2Fv2%2Fmedia&parent=9601"}],"wp:term":[{"taxonomy":"category","embeddable":true,"href":"https:\/\/www1.esev.ipv.pt\/dacomunicacao\/index.php?rest_route=%2Fwp%2Fv2%2Fcategories&post=9601"},{"taxonomy":"post_tag","embeddable":true,"href":"https:\/\/www1.esev.ipv.pt\/dacomunicacao\/index.php?rest_route=%2Fwp%2Fv2%2Ftags&post=9601"}],"curies":[{"name":"wp","href":"https:\/\/api.w.org\/{rel}","templated":true}]}}