{"id":9535,"date":"2020-05-18T09:07:52","date_gmt":"2020-05-18T09:07:52","guid":{"rendered":"http:\/\/www.esev.ipv.pt\/dacomunicacao\/?p=9535"},"modified":"2020-05-18T09:34:50","modified_gmt":"2020-05-18T09:34:50","slug":"nelas-apoia-empresas-para-adaptacao-a-covid-19","status":"publish","type":"post","link":"https:\/\/www1.esev.ipv.pt\/dacomunicacao\/?p=9535","title":{"rendered":"Nelas apoia empresas para adapta\u00e7\u00e3o ao Covid-19"},"content":{"rendered":"\n<p><em><strong>O Munic\u00edpio de Nelas criou um sistema de incentivos destinado \u00e0 adapta\u00e7\u00e3o da atividade econ\u00f3mica face ao novo contexto criado pelo COVID-19, para que o j\u00e1 anunciado plano de desconfinamento ocorra de forma segura e que d\u00ea confian\u00e7a aos cidad\u00e3os.<\/strong><\/em><\/p>\n\n\n\n<p>O apoio da C\u00e2mara de Nelas acontece no seio do programa Adaptar, que paga 80% das despesas das microempresas, entre 500 e 5000 euros, e 50% nas pequenas e m\u00e9dias empresas, entre 5.000 e 40.000 euros, para adpata\u00e7\u00e3o \u00e0 Covid-19.<\/p>\n\n\n\n<p>&#8220;As empresas necessitam de proceder \u00e0 adapta\u00e7\u00e3o dos seus estabelecimentos, m\u00e9todos de organiza\u00e7\u00e3o do trabalho e de relacionamento com clientes e fornecedores \u00e0s novas condi\u00e7\u00f5es de distanciamento f\u00edsico no contexto da pandemia COVID-19, garantindo o cumprimento das normas estabelecidas e das recomenda\u00e7\u00f5es das autoridades competentes&#8221;, diz a C\u00e2mara Municipal de Nelas em comunicado.<\/p>\n\n\n\n<p>O decreto-lei aprovado pelo munic\u00edpio vai permitir minorar os custos acrescidos para o restabelecimento r\u00e1pido das condi\u00e7\u00f5es de funcionamento das empresas, sendo apoiados, nomeadamente, os custos de aquisi\u00e7\u00e3o de equipamentos de prote\u00e7\u00e3o individual para trabalhadores e utentes, equipamentos de higieniza\u00e7\u00e3o, contratos de desinfe\u00e7\u00e3o e os custos com a reorganiza\u00e7\u00e3o dos locais de trabalho e altera\u00e7\u00f5es de layout dos estabelecimentos.<\/p>\n","protected":false},"excerpt":{"rendered":"<p>O Munic\u00edpio de Nelas criou um sistema de incentivos destinado \u00e0 adapta\u00e7\u00e3o da atividade econ\u00f3mica face ao novo contexto criado<\/p>\n","protected":false},"author":4,"featured_media":9536,"comment_status":"open","ping_status":"open","sticky":false,"template":"","format":"standard","meta":[],"categories":[462],"tags":[2662,2105],"_links":{"self":[{"href":"https:\/\/www1.esev.ipv.pt\/dacomunicacao\/index.php?rest_route=\/wp\/v2\/posts\/9535"}],"collection":[{"href":"https:\/\/www1.esev.ipv.pt\/dacomunicacao\/index.php?rest_route=\/wp\/v2\/posts"}],"about":[{"href":"https:\/\/www1.esev.ipv.pt\/dacomunicacao\/index.php?rest_route=\/wp\/v2\/types\/post"}],"author":[{"embeddable":true,"href":"https:\/\/www1.esev.ipv.pt\/dacomunicacao\/index.php?rest_route=\/wp\/v2\/users\/4"}],"replies":[{"embeddable":true,"href":"https:\/\/www1.esev.ipv.pt\/dacomunicacao\/index.php?rest_route=%2Fwp%2Fv2%2Fcomments&post=9535"}],"version-history":[{"count":2,"href":"https:\/\/www1.esev.ipv.pt\/dacomunicacao\/index.php?rest_route=\/wp\/v2\/posts\/9535\/revisions"}],"predecessor-version":[{"id":9548,"href":"https:\/\/www1.esev.ipv.pt\/dacomunicacao\/index.php?rest_route=\/wp\/v2\/posts\/9535\/revisions\/9548"}],"wp:featuredmedia":[{"embeddable":true,"href":"https:\/\/www1.esev.ipv.pt\/dacomunicacao\/index.php?rest_route=\/wp\/v2\/media\/9536"}],"wp:attachment":[{"href":"https:\/\/www1.esev.ipv.pt\/dacomunicacao\/index.php?rest_route=%2Fwp%2Fv2%2Fmedia&parent=9535"}],"wp:term":[{"taxonomy":"category","embeddable":true,"href":"https:\/\/www1.esev.ipv.pt\/dacomunicacao\/index.php?rest_route=%2Fwp%2Fv2%2Fcategories&post=9535"},{"taxonomy":"post_tag","embeddable":true,"href":"https:\/\/www1.esev.ipv.pt\/dacomunicacao\/index.php?rest_route=%2Fwp%2Fv2%2Ftags&post=9535"}],"curies":[{"name":"wp","href":"https:\/\/api.w.org\/{rel}","templated":true}]}}