{"id":9438,"date":"2020-05-04T10:48:20","date_gmt":"2020-05-04T10:48:20","guid":{"rendered":"http:\/\/www.esev.ipv.pt\/dacomunicacao\/?p=9438"},"modified":"2020-05-04T10:48:25","modified_gmt":"2020-05-04T10:48:25","slug":"sos-viseu-lanca-conta-solidaria-para-aquisicao-de-equipamentos-de-protecao-individual","status":"publish","type":"post","link":"https:\/\/www1.esev.ipv.pt\/dacomunicacao\/?p=9438","title":{"rendered":"SOS Viseu lan\u00e7a conta solid\u00e1ria para aquisi\u00e7\u00e3o de equipamentos de prote\u00e7\u00e3o individual"},"content":{"rendered":"\n<p><em><strong>O projeto SOS Viseu d\u00e1 mais um passo em frente na miss\u00e3o de apoiar as institui\u00e7\u00f5es do concelho. J\u00e1 esta semana, de 5 a 11 de maio, estar\u00e1 em funcionamento uma conta solid\u00e1ria que tem por objetivo a angaria\u00e7\u00e3o de donativos para a aquisi\u00e7\u00e3o de recursos de prote\u00e7\u00e3o individual, cujo destino ser\u00e3o as IPSS e lares de Viseu.<\/strong><\/em><\/p>\n\n\n\n<p>O IBAN desta conta banc\u00e1ria ser\u00e1 PT50 0036 0034 99100525400 54 e qualquer cidad\u00e3o poder\u00e1 fazer o seu donativo, dentro da sua disponibilidade.<\/p>\n\n\n\n<p>Lan\u00e7ado no passado dia 3 de abril, o projeto SOS Viseu, apresenta resultados muito positivos que refletem a mobiliza\u00e7\u00e3o do tecido empresarial local e regional no apoio aos lares e IPSS do concelho e na identifica\u00e7\u00e3o das necessidades destas institui\u00e7\u00f5es.<\/p>\n\n\n\n<p>No \u00e2mbito deste projeto, foram realizados 500 contactos com o universo de 44 entidades referenciadas, quer por telefone, email ou presencialmente. Este universo abrange um n\u00famero de cerca de 1300 colaboradores.<\/p>\n\n\n\n<p>Desde o arranque do SOS Viseu, foram j\u00e1 65 as empresas e fornecedores contactados, dos quais 33 responderam j\u00e1 ao repto lan\u00e7ado, disponibilizando produtos e or\u00e7amentos para a aquisi\u00e7\u00e3o de material, a pre\u00e7o reduzido, por parte das institui\u00e7\u00f5es, tendo em conta o contexto da atual pandemia COVID-19, estando j\u00e1 em contacto e articula\u00e7\u00e3o. Algumas destas empresas ofereceram tamb\u00e9m sab\u00f5es e m\u00e1scaras cir\u00fargicas, material que ser\u00e1 distribu\u00eddo pelas institui\u00e7\u00f5es que manifestaram necessidade de apoio de material de prote\u00e7\u00e3o. Tamb\u00e9m uma empresa de Leiria doou 300 viseiras. J\u00e1 o projeto SIC ESPERAN\u00c7A garantiu, atrav\u00e9s do SOS Viseu, a disponibiliza\u00e7\u00e3o de milhares de equipamentos de prote\u00e7\u00e3o individual para as institui\u00e7\u00f5es.<\/p>\n\n\n\n<p>Numa iniciativa complementar, o SOS Viseu lan\u00e7ou uma iniciativa de confe\u00e7\u00e3o de m\u00e1scaras comunit\u00e1rias\/sociais para oferta a lares e IPSS, com o apoio de v\u00e1rias costureiras volunt\u00e1rias. Numa primeira fase, e com as doa\u00e7\u00f5es financeiras e materiais recebidas, a produ\u00e7\u00e3o de m\u00e1scaras chegar\u00e1 ao n\u00famero de 1700 exemplares. \u00c0 data, encontram-se j\u00e1 produzidas 1000, que est\u00e3o a ser entregues junto das institui\u00e7\u00f5es que manifestaram essa necessidade.<\/p>\n\n\n\n<p>As Obras Sociais est\u00e3o em contacto com as diversas institui\u00e7\u00f5es, procurando recolher as necessidades de m\u00e1scaras de cada uma. Uma vez que estas m\u00e1scaras s\u00e3o t\u00eaxteis \u2013 n\u00e3o se enquadrando como equipamentos de prote\u00e7\u00e3o individual ou dispositivo m\u00e9dico \u2013, o objetivo passa por oferecer estas aos utentes e colaboradores, contribuindo para uma prote\u00e7\u00e3o complementar no interior das pr\u00f3prias institui\u00e7\u00f5es.<\/p>\n\n\n\n<p>O projeto SOS VISEU surge com o objetivo de melhorar e promover o interface entre a procura e a oferta deste tipo de equipamento, entre as institui\u00e7\u00f5es e as empresas, estimulando a responsabilidade social e a solidariedade de empresas e cidad\u00e3os, atrav\u00e9s de donativos ou da pr\u00e1tica de pre\u00e7os sociais neste especial contexto de crise.<\/p>\n\n\n\n<p>Este projeto permite ainda identificar as atuais necessidades de equipamento de prote\u00e7\u00e3o individual da parte das IPSS e lares de Viseu e as respostas e stocks dispon\u00edveis no mercado, e respetivos fornecedores (designadamente locais e regionais), articulando-as.<\/p>\n","protected":false},"excerpt":{"rendered":"<p>O projeto SOS Viseu d\u00e1 mais um passo em frente na miss\u00e3o de apoiar as institui\u00e7\u00f5es do concelho. J\u00e1 esta<\/p>\n","protected":false},"author":4,"featured_media":9439,"comment_status":"open","ping_status":"open","sticky":false,"template":"","format":"standard","meta":[],"categories":[462,11],"tags":[2663,2662,121,771,2697],"_links":{"self":[{"href":"https:\/\/www1.esev.ipv.pt\/dacomunicacao\/index.php?rest_route=\/wp\/v2\/posts\/9438"}],"collection":[{"href":"https:\/\/www1.esev.ipv.pt\/dacomunicacao\/index.php?rest_route=\/wp\/v2\/posts"}],"about":[{"href":"https:\/\/www1.esev.ipv.pt\/dacomunicacao\/index.php?rest_route=\/wp\/v2\/types\/post"}],"author":[{"embeddable":true,"href":"https:\/\/www1.esev.ipv.pt\/dacomunicacao\/index.php?rest_route=\/wp\/v2\/users\/4"}],"replies":[{"embeddable":true,"href":"https:\/\/www1.esev.ipv.pt\/dacomunicacao\/index.php?rest_route=%2Fwp%2Fv2%2Fcomments&post=9438"}],"version-history":[{"count":1,"href":"https:\/\/www1.esev.ipv.pt\/dacomunicacao\/index.php?rest_route=\/wp\/v2\/posts\/9438\/revisions"}],"predecessor-version":[{"id":9440,"href":"https:\/\/www1.esev.ipv.pt\/dacomunicacao\/index.php?rest_route=\/wp\/v2\/posts\/9438\/revisions\/9440"}],"wp:featuredmedia":[{"embeddable":true,"href":"https:\/\/www1.esev.ipv.pt\/dacomunicacao\/index.php?rest_route=\/wp\/v2\/media\/9439"}],"wp:attachment":[{"href":"https:\/\/www1.esev.ipv.pt\/dacomunicacao\/index.php?rest_route=%2Fwp%2Fv2%2Fmedia&parent=9438"}],"wp:term":[{"taxonomy":"category","embeddable":true,"href":"https:\/\/www1.esev.ipv.pt\/dacomunicacao\/index.php?rest_route=%2Fwp%2Fv2%2Fcategories&post=9438"},{"taxonomy":"post_tag","embeddable":true,"href":"https:\/\/www1.esev.ipv.pt\/dacomunicacao\/index.php?rest_route=%2Fwp%2Fv2%2Ftags&post=9438"}],"curies":[{"name":"wp","href":"https:\/\/api.w.org\/{rel}","templated":true}]}}