{"id":9404,"date":"2020-04-29T08:50:08","date_gmt":"2020-04-29T08:50:08","guid":{"rendered":"http:\/\/www.esev.ipv.pt\/dacomunicacao\/?p=9404"},"modified":"2020-04-29T08:50:12","modified_gmt":"2020-04-29T08:50:12","slug":"municipio-ja-efetuou-mais-de-400-testes-a-colaboradores-de-ipss-e-de-instituicoes-de-apoio-a-deficiencia-e-jovens-em-risco","status":"publish","type":"post","link":"https:\/\/www1.esev.ipv.pt\/dacomunicacao\/?p=9404","title":{"rendered":"Munic\u00edpio j\u00e1 efetuou mais de 400 testes a colaboradores de IPSS e de institui\u00e7\u00f5es de apoio \u00e0 defici\u00eancia e jovens em risco"},"content":{"rendered":"\n<p><strong><em>Em apenas 7 dias, o Munic\u00edpio de Viseu j\u00e1 efetuou testes ao COVID-19 a mais de 400 colaboradores de IPSS, lares resid\u00eancias para pessoas idosas, pessoas portadoras de defici\u00eancia e crian\u00e7as e jovens em risco.<\/em><\/strong><\/p>\n\n\n\n<p>Esta opera\u00e7\u00e3o, articulada com o Minist\u00e9rio da Solidariedade, Emprego e Seguran\u00e7a Social, j\u00e1 passou por mais de duas dezenas de institui\u00e7\u00f5es, onde enfermeiros do Centro Humanit\u00e1rio Vale do D\u00e3o da Cruz Vermelha Portuguesa, acompanhados dos Bombeiros Sapadores de Viseu, est\u00e3o a efetuar a recolha de amostras pelo m\u00e9todo de zaragatoa.<\/p>\n\n\n\n<p>Estes testes t\u00eam sido acompanhados pela Vereadora respons\u00e1vel pela \u00e1rea da Sa\u00fade, Ermelinda Afonso.<\/p>\n\n\n\n<p>\u201c\u00c9 decisivo garantir as corretas e seguras condi\u00e7\u00f5es de trabalho dos colaboradores destas Institui\u00e7\u00f5es, para assim melhor protegermos os seus utentes\u201d, explica o presidente da C\u00e2mara de Viseu Ant\u00f3nio Almeida Henriques, adiantando que \u201cesta opera\u00e7\u00e3o de larga escala visa evitar o cont\u00e1gio e a propaga\u00e7\u00e3o do v\u00edrus junto de popula\u00e7\u00f5es de risco\u201d.<\/p>\n\n\n\n<p>As colheitas s\u00e3o feitas dois dias antes do in\u00edcio de cada turno, com compromisso de isolamento na habita\u00e7\u00e3o antes de iniciarem o per\u00edodo de trabalho; caso o teste d\u00ea positivo, a pessoa em causa \u00e9 orientada por profissionais de sa\u00fade, n\u00e3o entrando, assim, ao servi\u00e7o na Institui\u00e7\u00f5es.<\/p>\n\n\n\n<p>At\u00e9 ao momento, ainda n\u00e3o foi registado qualquer teste positivo ao COVID-19.<\/p>\n\n\n\n<p>O Munic\u00edpio prev\u00ea que esta opera\u00e7\u00e3o chegue a cerca de 1.700 colaboradores de meia centena de institui\u00e7\u00f5es de Viseu.<\/p>\n","protected":false},"excerpt":{"rendered":"<p>Em apenas 7 dias, o Munic\u00edpio de Viseu j\u00e1 efetuou testes ao COVID-19 a mais de 400 colaboradores de IPSS,<\/p>\n","protected":false},"author":4,"featured_media":9405,"comment_status":"open","ping_status":"open","sticky":false,"template":"","format":"standard","meta":[],"categories":[462,11],"tags":[2663,2662,121,771],"_links":{"self":[{"href":"https:\/\/www1.esev.ipv.pt\/dacomunicacao\/index.php?rest_route=\/wp\/v2\/posts\/9404"}],"collection":[{"href":"https:\/\/www1.esev.ipv.pt\/dacomunicacao\/index.php?rest_route=\/wp\/v2\/posts"}],"about":[{"href":"https:\/\/www1.esev.ipv.pt\/dacomunicacao\/index.php?rest_route=\/wp\/v2\/types\/post"}],"author":[{"embeddable":true,"href":"https:\/\/www1.esev.ipv.pt\/dacomunicacao\/index.php?rest_route=\/wp\/v2\/users\/4"}],"replies":[{"embeddable":true,"href":"https:\/\/www1.esev.ipv.pt\/dacomunicacao\/index.php?rest_route=%2Fwp%2Fv2%2Fcomments&post=9404"}],"version-history":[{"count":1,"href":"https:\/\/www1.esev.ipv.pt\/dacomunicacao\/index.php?rest_route=\/wp\/v2\/posts\/9404\/revisions"}],"predecessor-version":[{"id":9406,"href":"https:\/\/www1.esev.ipv.pt\/dacomunicacao\/index.php?rest_route=\/wp\/v2\/posts\/9404\/revisions\/9406"}],"wp:featuredmedia":[{"embeddable":true,"href":"https:\/\/www1.esev.ipv.pt\/dacomunicacao\/index.php?rest_route=\/wp\/v2\/media\/9405"}],"wp:attachment":[{"href":"https:\/\/www1.esev.ipv.pt\/dacomunicacao\/index.php?rest_route=%2Fwp%2Fv2%2Fmedia&parent=9404"}],"wp:term":[{"taxonomy":"category","embeddable":true,"href":"https:\/\/www1.esev.ipv.pt\/dacomunicacao\/index.php?rest_route=%2Fwp%2Fv2%2Fcategories&post=9404"},{"taxonomy":"post_tag","embeddable":true,"href":"https:\/\/www1.esev.ipv.pt\/dacomunicacao\/index.php?rest_route=%2Fwp%2Fv2%2Ftags&post=9404"}],"curies":[{"name":"wp","href":"https:\/\/api.w.org\/{rel}","templated":true}]}}