{"id":9363,"date":"2020-04-23T11:59:22","date_gmt":"2020-04-23T11:59:22","guid":{"rendered":"http:\/\/www.esev.ipv.pt\/dacomunicacao\/?p=9363"},"modified":"2020-04-23T11:59:26","modified_gmt":"2020-04-23T11:59:26","slug":"camiao-da-esperanca-vai-estar-em-vouzela","status":"publish","type":"post","link":"https:\/\/www1.esev.ipv.pt\/dacomunicacao\/?p=9363","title":{"rendered":"Cami\u00e3o da Esperan\u00e7a vai estar em Vouzela"},"content":{"rendered":"\n<p><em><strong>O concelho de Vouzela vai receber na pr\u00f3xima sexta-feira, dia 24 de abril, entre as 9h30 e as 17h30, o Cami\u00e3o da Esperan\u00e7a, uma iniciativa in\u00e9dita no combate \u00e0 COVID-19, que tem como parceiros: a Galp, TVI, R\u00e1dio Comercial, KPMG, Unilabs, Mundipharma, Planetiers World Gathering e GlobalSport, entre outros. O apoio institucional e log\u00edstico ser\u00e1 dado pelo Munic\u00edpio de Vouzela, que conta com o apoio do Instituto Marista, Agrupamento de Escolas de Vouzela e Escola Profissional.<\/strong><\/em><\/p>\n\n\n\n<p>Trata-se de uma solu\u00e7\u00e3o log\u00edstica de apoio ao Servi\u00e7o Nacional de Sa\u00fade (SNS) que vai percorrer v\u00e1rias localidades do interior do pa\u00eds, facilitando o acesso da popula\u00e7\u00e3o \u00e0s unidades de diagn\u00f3stico para o teste \u00e0 COVID-19. \u00c9 uma viatura totalmente equipada com instala\u00e7\u00f5es adequadas, material m\u00e9dico-cir\u00fargico e equipamento de prote\u00e7\u00e3o individual para todos os profissionais envolvidos.<\/p>\n\n\n\n<p>Os cidad\u00e3os da regi\u00e3o, portadores de prescri\u00e7\u00e3o m\u00e9dica para a realiza\u00e7\u00e3o do teste \u00e0 COVID-19, poder\u00e3o deslocar-se ao Cami\u00e3o da Esperan\u00e7a, entre as 9h30 \u2013 12h30 e as 14h30 \u2013 17h30, e realizar, de imediato, o procedimento.<\/p>\n\n\n\n<p> A responsabilidade t\u00e9cnica da a\u00e7\u00e3o \u00e9 assegurada pela Associa\u00e7\u00e3o Nacional de M\u00e9dicos de Sa\u00fade P\u00fablica, que articula com a Autoridade de Sa\u00fade a identifica\u00e7\u00e3o de focos priorit\u00e1rios, procedimentos de rastreamento e atua\u00e7\u00e3o, sempre com o envolvimento dos respons\u00e1veis municipais. Os utentes que s\u00e3o identificados previamente pela ARS realizam os testes nas instala\u00e7\u00f5es do Cami\u00e3o da Esperan\u00e7a.<\/p>\n\n\n\n<p>Estacionado na Avenida Jo\u00e3o de Melo, junto \u00e0s Piscinas Municipais, o Cami\u00e3o da Esperan\u00e7a est\u00e1 preparado para a realiza\u00e7\u00e3o de mais de 100 testes, com a perspetiva de divulga\u00e7\u00e3o de resultados em 48 horas.<\/p>\n\n\n\n<p>A equipa de profissionais, constitu\u00edda por\nm\u00e9dicos, enfermeiros e admistrativos, est\u00e1 preparada para informar, cuidar e\ntestar a popula\u00e7\u00e3o. <\/p>\n\n\n\n<p> Para agendar previamente a realiza\u00e7\u00e3o do teste, os utentes dever\u00e3o contactar o n\u00famero: 912.429.196.<\/p>\n\n\n\n<p>O Munic\u00edpio de Vouzela apela a todos os cidad\u00e3os que pretendam deslocar-se ao Cami\u00e3o da Esperan\u00e7a que adotem as regras de distanciamento social e utilizem m\u00e1scara.<\/p>\n","protected":false},"excerpt":{"rendered":"<p>O concelho de Vouzela vai receber na pr\u00f3xima sexta-feira, dia 24 de abril, entre as 9h30 e as 17h30, o<\/p>\n","protected":false},"author":4,"featured_media":9364,"comment_status":"open","ping_status":"open","sticky":false,"template":"","format":"standard","meta":[],"categories":[462,11],"tags":[2705,2663,2662,2316],"_links":{"self":[{"href":"https:\/\/www1.esev.ipv.pt\/dacomunicacao\/index.php?rest_route=\/wp\/v2\/posts\/9363"}],"collection":[{"href":"https:\/\/www1.esev.ipv.pt\/dacomunicacao\/index.php?rest_route=\/wp\/v2\/posts"}],"about":[{"href":"https:\/\/www1.esev.ipv.pt\/dacomunicacao\/index.php?rest_route=\/wp\/v2\/types\/post"}],"author":[{"embeddable":true,"href":"https:\/\/www1.esev.ipv.pt\/dacomunicacao\/index.php?rest_route=\/wp\/v2\/users\/4"}],"replies":[{"embeddable":true,"href":"https:\/\/www1.esev.ipv.pt\/dacomunicacao\/index.php?rest_route=%2Fwp%2Fv2%2Fcomments&post=9363"}],"version-history":[{"count":1,"href":"https:\/\/www1.esev.ipv.pt\/dacomunicacao\/index.php?rest_route=\/wp\/v2\/posts\/9363\/revisions"}],"predecessor-version":[{"id":9365,"href":"https:\/\/www1.esev.ipv.pt\/dacomunicacao\/index.php?rest_route=\/wp\/v2\/posts\/9363\/revisions\/9365"}],"wp:featuredmedia":[{"embeddable":true,"href":"https:\/\/www1.esev.ipv.pt\/dacomunicacao\/index.php?rest_route=\/wp\/v2\/media\/9364"}],"wp:attachment":[{"href":"https:\/\/www1.esev.ipv.pt\/dacomunicacao\/index.php?rest_route=%2Fwp%2Fv2%2Fmedia&parent=9363"}],"wp:term":[{"taxonomy":"category","embeddable":true,"href":"https:\/\/www1.esev.ipv.pt\/dacomunicacao\/index.php?rest_route=%2Fwp%2Fv2%2Fcategories&post=9363"},{"taxonomy":"post_tag","embeddable":true,"href":"https:\/\/www1.esev.ipv.pt\/dacomunicacao\/index.php?rest_route=%2Fwp%2Fv2%2Ftags&post=9363"}],"curies":[{"name":"wp","href":"https:\/\/api.w.org\/{rel}","templated":true}]}}