{"id":9224,"date":"2020-03-24T15:31:33","date_gmt":"2020-03-24T15:31:33","guid":{"rendered":"http:\/\/www.esev.ipv.pt\/dacomunicacao\/?p=9224"},"modified":"2020-03-24T15:31:45","modified_gmt":"2020-03-24T15:31:45","slug":"linha-telefonica-de-apoio-municipal-em-mangualde","status":"publish","type":"post","link":"https:\/\/www1.esev.ipv.pt\/dacomunicacao\/?p=9224","title":{"rendered":"Linha telef\u00f3nica de apoio municipal em Mangualde"},"content":{"rendered":"\n<p><em><strong>A C\u00e2mara Municipal de Mangualde, em parceria com o Servi\u00e7o de Prote\u00e7\u00e3o Civil Municipal, as Juntas de Freguesia, o Instituto da Seguran\u00e7a Social e a Rede Social de Mangualde ativou o\u00a0Plano de Conting\u00eancia Social, que pretende dar resposta \u00e0s orienta\u00e7\u00f5es emanadas pela Dire\u00e7\u00e3o Geral da Sa\u00fade (DGS) para enfrentar a amea\u00e7a \u00e0 sa\u00fade p\u00fablica associada \u00e0 infe\u00e7\u00e3o pelo Coronav\u00edrus-Covid-19.<\/strong><\/em><\/p>\n\n\n\n<p>Com o objetivo de refor\u00e7ar o\u00a0<strong>apoio psicossocial<\/strong>\u00a0no Munic\u00edpio neste cen\u00e1rio de crise epidemiol\u00f3gica, junto dos mais vulner\u00e1veis, a C\u00e2mara Municipal de Mangualde,\u00a0<strong>criou uma linha de telefone de apoio municipal \u201cEstamos Juntos!\u201d<\/strong>. Esta linha tem como objetivo atender, acompanhar, encaminhar e apoiar nas diversas situa\u00e7\u00f5es que nos s\u00e3o solicitadas, al\u00e9m de alertar para as burlas, higieniza\u00e7\u00e3o e afastamento social recomendadas. <\/p>\n\n\n\n<p>Este esfor\u00e7o concertado com a Prote\u00e7\u00e3o Civil Municipal, ISS, Rede Social e Juntas de Freguesia, permite ajudar quem mais precisa nesta hora dif\u00edcil. Esta medida, n\u00e3o se substitui \u00e0s equipas multidisciplinares que interv\u00eam no territ\u00f3rio do Munic\u00edpio, nem ao apoio concedido pelas v\u00e1rias IPSS nomeadamente, no \u00e2mbito do apoio domicili\u00e1rio.<\/p>\n\n\n\n<p><strong>As linhas, que funcionam todos os dias das 9h00 \u00e0s 20h00, s\u00e3o o 969 028 411 para atendimento psicol\u00f3gico e os 969 029 132 e 969 028 378 para atendimento social.<\/strong><\/p>\n\n\n\n<p>Com a medida&nbsp;<strong>\u201cLinha de Apoio Municipal. Estamos juntos!\u201d<\/strong>&nbsp;a autarquia pretende auxiliar e&nbsp;<strong>proteger as pessoas mais vulner\u00e1veis<\/strong>&nbsp;do Munic\u00edpio de Mangualde, nomeadamente, a&nbsp;<strong>popula\u00e7\u00e3o idosa com idade igual ou superior a 70 anos, bem como, outras pessoas em situa\u00e7\u00e3o de isolamento social e sem retaguarda familiar, Cuidadores Informais com dependentes a cargo com Atestado Multiuso igual ou superior a 80% e agregados familiares vulner\u00e1veis com mobilidade reduzida e\/ou problemas graves de sa\u00fade.<\/strong><\/p>\n\n\n\n<p>No entanto, a autarquia refor\u00e7a e apela para a import\u00e2ncia da&nbsp;<strong>Rede Familiar&nbsp;<\/strong>e<strong>&nbsp;Rede de Vizinhan\u00e7a<\/strong>&nbsp;na vigil\u00e2ncia dos idosos do nosso concelho, assegurando sempre as recomenda\u00e7\u00f5es da seguran\u00e7a da DGS.<\/p>\n\n\n\n<p>E deixa o alerta:\u00a0&#8220;Um olhar atento, uma palavra de conforto atrav\u00e9s da janela, um telefonema ao idoso vizinho e\/ou familiar, no nosso bairro, na nossa rua ou na nossa comunidade, poder\u00e1 fazer a diferen\u00e7a.\u00a0 Ajude a ajudar&#8221;!<\/p>\n","protected":false},"excerpt":{"rendered":"<p>A C\u00e2mara Municipal de Mangualde, em parceria com o Servi\u00e7o de Prote\u00e7\u00e3o Civil Municipal, as Juntas de Freguesia, o Instituto<\/p>\n","protected":false},"author":4,"featured_media":9225,"comment_status":"open","ping_status":"open","sticky":false,"template":"","format":"standard","meta":[],"categories":[11],"tags":[2663,2662,2683,162,2686],"_links":{"self":[{"href":"https:\/\/www1.esev.ipv.pt\/dacomunicacao\/index.php?rest_route=\/wp\/v2\/posts\/9224"}],"collection":[{"href":"https:\/\/www1.esev.ipv.pt\/dacomunicacao\/index.php?rest_route=\/wp\/v2\/posts"}],"about":[{"href":"https:\/\/www1.esev.ipv.pt\/dacomunicacao\/index.php?rest_route=\/wp\/v2\/types\/post"}],"author":[{"embeddable":true,"href":"https:\/\/www1.esev.ipv.pt\/dacomunicacao\/index.php?rest_route=\/wp\/v2\/users\/4"}],"replies":[{"embeddable":true,"href":"https:\/\/www1.esev.ipv.pt\/dacomunicacao\/index.php?rest_route=%2Fwp%2Fv2%2Fcomments&post=9224"}],"version-history":[{"count":1,"href":"https:\/\/www1.esev.ipv.pt\/dacomunicacao\/index.php?rest_route=\/wp\/v2\/posts\/9224\/revisions"}],"predecessor-version":[{"id":9226,"href":"https:\/\/www1.esev.ipv.pt\/dacomunicacao\/index.php?rest_route=\/wp\/v2\/posts\/9224\/revisions\/9226"}],"wp:featuredmedia":[{"embeddable":true,"href":"https:\/\/www1.esev.ipv.pt\/dacomunicacao\/index.php?rest_route=\/wp\/v2\/media\/9225"}],"wp:attachment":[{"href":"https:\/\/www1.esev.ipv.pt\/dacomunicacao\/index.php?rest_route=%2Fwp%2Fv2%2Fmedia&parent=9224"}],"wp:term":[{"taxonomy":"category","embeddable":true,"href":"https:\/\/www1.esev.ipv.pt\/dacomunicacao\/index.php?rest_route=%2Fwp%2Fv2%2Fcategories&post=9224"},{"taxonomy":"post_tag","embeddable":true,"href":"https:\/\/www1.esev.ipv.pt\/dacomunicacao\/index.php?rest_route=%2Fwp%2Fv2%2Ftags&post=9224"}],"curies":[{"name":"wp","href":"https:\/\/api.w.org\/{rel}","templated":true}]}}