{"id":912,"date":"2016-10-24T15:16:26","date_gmt":"2016-10-24T15:16:26","guid":{"rendered":"http:\/\/www.esev.ipv.pt\/dacomunicacao\/?p=912"},"modified":"2016-10-24T15:18:29","modified_gmt":"2016-10-24T15:18:29","slug":"sporting-continua-na-luta-pela-taca","status":"publish","type":"post","link":"https:\/\/www1.esev.ipv.pt\/dacomunicacao\/?p=912","title":{"rendered":"Sporting continua na luta pela ta\u00e7a"},"content":{"rendered":"<p>No passado dia 13 de outubro, o Sporting e o Famalic\u00e3o defrontaram-se na terceira eliminat\u00f3ria da ta\u00e7a de Portugal. O jogo aconteceu no Est\u00e1dio Municipal de Vila Nova de Famalic\u00e3o e foi a terceira vez, ao longo destes cinco anos, que as duas equipas se encontraram na tentativa de conquistar o trof\u00e9u.<br \/>\nAo minuto dez acontece o primeiro e \u00fanico golo deste encontro. Elias coloca em Markovic que, em desequil\u00edbrio, remata de forma certeira. De seguida, duas tentativas falhadas de golo por parte de Andr\u00e9 Perre e Diogo Cunha. A partir do minuto 27 os verdes e brancos come\u00e7am a ter mais posse de bola. Diogo Cunha \u00e9 repreendido pela falta sobre Alan Ruiz.  Ao longo desta primeira parte apesar do golo ter sido dos le\u00f5es, \u00e9 a equipa do Famalic\u00e3o que teve mais posse de bola e mais oportunidades de golo, apesar de sem sucesso.<br \/>\nAo come\u00e7ar a segunda parte, os verdes e brancos continuam a falhar passes e remates e os jogadores da casa conseguem dois cantos seguidos. Gelson substituiu Alan Ruiz e Jefferson, que se sentiu mal e saiu no final da primeira parte \u00e9 assistido fora de campo.<br \/>\nA dois minutos do final da partida Pedro Correia podia ter empatado, mas o remate saiu sem dire\u00e7\u00e3o. No minuto 90 os le\u00f5es fazem tempo com a bola em sua posse \u00e0 espera do apito final, que lhes garantiu a continua\u00e7\u00e3o na competi\u00e7\u00e3o pela Ta\u00e7a.\t<\/p>\n<p>Andreia Rodrigues do Vale <\/p>\n","protected":false},"excerpt":{"rendered":"<p>No passado dia 13 de outubro, o Sporting e o Famalic\u00e3o defrontaram-se na terceira eliminat\u00f3ria da ta\u00e7a de Portugal. O<\/p>\n","protected":false},"author":4,"featured_media":914,"comment_status":"open","ping_status":"open","sticky":false,"template":"","format":"standard","meta":[],"categories":[1,13],"tags":[],"_links":{"self":[{"href":"https:\/\/www1.esev.ipv.pt\/dacomunicacao\/index.php?rest_route=\/wp\/v2\/posts\/912"}],"collection":[{"href":"https:\/\/www1.esev.ipv.pt\/dacomunicacao\/index.php?rest_route=\/wp\/v2\/posts"}],"about":[{"href":"https:\/\/www1.esev.ipv.pt\/dacomunicacao\/index.php?rest_route=\/wp\/v2\/types\/post"}],"author":[{"embeddable":true,"href":"https:\/\/www1.esev.ipv.pt\/dacomunicacao\/index.php?rest_route=\/wp\/v2\/users\/4"}],"replies":[{"embeddable":true,"href":"https:\/\/www1.esev.ipv.pt\/dacomunicacao\/index.php?rest_route=%2Fwp%2Fv2%2Fcomments&post=912"}],"version-history":[{"count":1,"href":"https:\/\/www1.esev.ipv.pt\/dacomunicacao\/index.php?rest_route=\/wp\/v2\/posts\/912\/revisions"}],"predecessor-version":[{"id":913,"href":"https:\/\/www1.esev.ipv.pt\/dacomunicacao\/index.php?rest_route=\/wp\/v2\/posts\/912\/revisions\/913"}],"wp:featuredmedia":[{"embeddable":true,"href":"https:\/\/www1.esev.ipv.pt\/dacomunicacao\/index.php?rest_route=\/wp\/v2\/media\/914"}],"wp:attachment":[{"href":"https:\/\/www1.esev.ipv.pt\/dacomunicacao\/index.php?rest_route=%2Fwp%2Fv2%2Fmedia&parent=912"}],"wp:term":[{"taxonomy":"category","embeddable":true,"href":"https:\/\/www1.esev.ipv.pt\/dacomunicacao\/index.php?rest_route=%2Fwp%2Fv2%2Fcategories&post=912"},{"taxonomy":"post_tag","embeddable":true,"href":"https:\/\/www1.esev.ipv.pt\/dacomunicacao\/index.php?rest_route=%2Fwp%2Fv2%2Ftags&post=912"}],"curies":[{"name":"wp","href":"https:\/\/api.w.org\/{rel}","templated":true}]}}