{"id":9066,"date":"2020-02-28T09:47:23","date_gmt":"2020-02-28T09:47:23","guid":{"rendered":"http:\/\/www.esev.ipv.pt\/dacomunicacao\/?p=9066"},"modified":"2020-02-28T09:47:27","modified_gmt":"2020-02-28T09:47:27","slug":"reabilitacao-transforma-casa-das-bocas-em-unidade-de-saude-familiar","status":"publish","type":"post","link":"https:\/\/www1.esev.ipv.pt\/dacomunicacao\/?p=9066","title":{"rendered":"Reabilita\u00e7\u00e3o transforma Casa das Bocas em Unidade de Sa\u00fade Familiar"},"content":{"rendered":"\n<p><em><strong>Ao terceiro concurso, avan\u00e7a finalmente a empreitada de reabilita\u00e7\u00e3o da Casa das Bocas, edif\u00edcio datado do s\u00e9culo XVII que se prepara para receber uma Unidade de Sa\u00fade Familiar, que abranger\u00e1 um universo de 18.000 utentes.<\/strong><\/em><\/p>\n\n\n\n<p>O auto de consigna\u00e7\u00e3o foi assinado esta quinta-feira, no Sal\u00e3o Nobre dos Pa\u00e7os do Concelho, tendo o presidente da C\u00e2mara, Almeida Henriques, real\u00e7ado que com esta interven\u00e7\u00e3o, \u201cViseu passar\u00e1 a ter, seguramente, a Unidade de Sa\u00fade Familiar mais bonita do pa\u00eds\u201d.<\/p>\n\n\n\n<p>O autarca recordou que \u201cem boa hora o atual Executivo optou por adquirir o im\u00f3vel em 2014\u201d, quando este se encontrava em risco de ruir. \u201cO objetivo sempre foi recuper\u00e1-lo e, depois, coloc\u00e1-lo ao servi\u00e7o das popula\u00e7\u00f5es. \u00c9 o que estamos a fazer\u201d, justificou.<\/p>\n\n\n\n<p>A interven\u00e7\u00e3o, com um custo de 1,950 milh\u00f5es de euros e um prazo de execu\u00e7\u00e3o de 20 meses, tenta preservar uma s\u00e9rie de elementos hist\u00f3ricos, de modo a que imagem do im\u00f3vel se mantenha na mem\u00f3ria coletiva, designadamente as &#8220;g\u00e1rgulas &#8221; (bocas) que d\u00e3o origem ao nome popular da rua.<\/p>\n\n\n\n<p>No interior, a escadaria de pedra localizada no \u00e1trio, bem como todos os elementos de cantaria, ir\u00e3o ser devidamente valorizados. Complementarmente e, de modo, a refor\u00e7ar a ilumina\u00e7\u00e3o e ventila\u00e7\u00f5es naturais, optou-se por integrar no centro do edif\u00edcio, ao longo de todos os pisos, um p\u00e1tio envidra\u00e7ado descoberto e com uma das paredes vegetais a toda a altura.<\/p>\n\n\n\n<p>O presidente da C\u00e2mara Municipal adiantou que este projeto, financiado por fundos europeus, integra um \u201cconjunto de obras estruturantes\u201d no Centro Hist\u00f3rico.<\/p>\n","protected":false},"excerpt":{"rendered":"<p>Ao terceiro concurso, avan\u00e7a finalmente a empreitada de reabilita\u00e7\u00e3o da Casa das Bocas, edif\u00edcio datado do s\u00e9culo XVII que se<\/p>\n","protected":false},"author":4,"featured_media":9067,"comment_status":"open","ping_status":"open","sticky":false,"template":"","format":"standard","meta":[],"categories":[462],"tags":[2664,771,39,2631],"_links":{"self":[{"href":"https:\/\/www1.esev.ipv.pt\/dacomunicacao\/index.php?rest_route=\/wp\/v2\/posts\/9066"}],"collection":[{"href":"https:\/\/www1.esev.ipv.pt\/dacomunicacao\/index.php?rest_route=\/wp\/v2\/posts"}],"about":[{"href":"https:\/\/www1.esev.ipv.pt\/dacomunicacao\/index.php?rest_route=\/wp\/v2\/types\/post"}],"author":[{"embeddable":true,"href":"https:\/\/www1.esev.ipv.pt\/dacomunicacao\/index.php?rest_route=\/wp\/v2\/users\/4"}],"replies":[{"embeddable":true,"href":"https:\/\/www1.esev.ipv.pt\/dacomunicacao\/index.php?rest_route=%2Fwp%2Fv2%2Fcomments&post=9066"}],"version-history":[{"count":2,"href":"https:\/\/www1.esev.ipv.pt\/dacomunicacao\/index.php?rest_route=\/wp\/v2\/posts\/9066\/revisions"}],"predecessor-version":[{"id":9070,"href":"https:\/\/www1.esev.ipv.pt\/dacomunicacao\/index.php?rest_route=\/wp\/v2\/posts\/9066\/revisions\/9070"}],"wp:featuredmedia":[{"embeddable":true,"href":"https:\/\/www1.esev.ipv.pt\/dacomunicacao\/index.php?rest_route=\/wp\/v2\/media\/9067"}],"wp:attachment":[{"href":"https:\/\/www1.esev.ipv.pt\/dacomunicacao\/index.php?rest_route=%2Fwp%2Fv2%2Fmedia&parent=9066"}],"wp:term":[{"taxonomy":"category","embeddable":true,"href":"https:\/\/www1.esev.ipv.pt\/dacomunicacao\/index.php?rest_route=%2Fwp%2Fv2%2Fcategories&post=9066"},{"taxonomy":"post_tag","embeddable":true,"href":"https:\/\/www1.esev.ipv.pt\/dacomunicacao\/index.php?rest_route=%2Fwp%2Fv2%2Ftags&post=9066"}],"curies":[{"name":"wp","href":"https:\/\/api.w.org\/{rel}","templated":true}]}}