{"id":8850,"date":"2020-02-12T11:17:55","date_gmt":"2020-02-12T11:17:55","guid":{"rendered":"http:\/\/www.esev.ipv.pt\/dacomunicacao\/?p=8850"},"modified":"2020-02-12T11:18:03","modified_gmt":"2020-02-12T11:18:03","slug":"castro-daire-revive-tradicao-de-carnaval","status":"publish","type":"post","link":"https:\/\/www1.esev.ipv.pt\/dacomunicacao\/?p=8850","title":{"rendered":"Castro Daire revive tradi\u00e7\u00e3o de Carnaval"},"content":{"rendered":"\n<p><em><strong>O Munic\u00edpio de Castro Daire, dando continuidade \u00e0 edi\u00e7\u00e3o do ano anterior vivida com muita intensidade e que se revelou num grande sucesso,&nbsp; encontra-se a organizar a 2\u00aa edi\u00e7\u00e3o do Desfile de Carnaval, no dia 25 de fevereiro de 2020, pelas 14h30 na vila de Castro Daire.<\/strong><\/em><\/p>\n\n\n\n<p>Esta iniciativa \u00e9 dirigida a todas as Associa\u00e7\u00f5es com o objetivo de reviver as tradi\u00e7\u00f5es do Entrudo, preservando, assim, a identidade cultural deste territ\u00f3rio,&nbsp; apelar \u00e0 criatividade dos participantes e potenciar um maior envolvimento das Associa\u00e7\u00f5es nas atividades promovidas pelo Munic\u00edpio. <\/p>\n\n\n\n<p><\/p>\n","protected":false},"excerpt":{"rendered":"<p>O Munic\u00edpio de Castro Daire, dando continuidade \u00e0 edi\u00e7\u00e3o do ano anterior vivida com muita intensidade e que se revelou<\/p>\n","protected":false},"author":4,"featured_media":8851,"comment_status":"open","ping_status":"open","sticky":false,"template":"","format":"standard","meta":[],"categories":[462],"tags":[322,1556],"_links":{"self":[{"href":"https:\/\/www1.esev.ipv.pt\/dacomunicacao\/index.php?rest_route=\/wp\/v2\/posts\/8850"}],"collection":[{"href":"https:\/\/www1.esev.ipv.pt\/dacomunicacao\/index.php?rest_route=\/wp\/v2\/posts"}],"about":[{"href":"https:\/\/www1.esev.ipv.pt\/dacomunicacao\/index.php?rest_route=\/wp\/v2\/types\/post"}],"author":[{"embeddable":true,"href":"https:\/\/www1.esev.ipv.pt\/dacomunicacao\/index.php?rest_route=\/wp\/v2\/users\/4"}],"replies":[{"embeddable":true,"href":"https:\/\/www1.esev.ipv.pt\/dacomunicacao\/index.php?rest_route=%2Fwp%2Fv2%2Fcomments&post=8850"}],"version-history":[{"count":2,"href":"https:\/\/www1.esev.ipv.pt\/dacomunicacao\/index.php?rest_route=\/wp\/v2\/posts\/8850\/revisions"}],"predecessor-version":[{"id":8905,"href":"https:\/\/www1.esev.ipv.pt\/dacomunicacao\/index.php?rest_route=\/wp\/v2\/posts\/8850\/revisions\/8905"}],"wp:featuredmedia":[{"embeddable":true,"href":"https:\/\/www1.esev.ipv.pt\/dacomunicacao\/index.php?rest_route=\/wp\/v2\/media\/8851"}],"wp:attachment":[{"href":"https:\/\/www1.esev.ipv.pt\/dacomunicacao\/index.php?rest_route=%2Fwp%2Fv2%2Fmedia&parent=8850"}],"wp:term":[{"taxonomy":"category","embeddable":true,"href":"https:\/\/www1.esev.ipv.pt\/dacomunicacao\/index.php?rest_route=%2Fwp%2Fv2%2Fcategories&post=8850"},{"taxonomy":"post_tag","embeddable":true,"href":"https:\/\/www1.esev.ipv.pt\/dacomunicacao\/index.php?rest_route=%2Fwp%2Fv2%2Ftags&post=8850"}],"curies":[{"name":"wp","href":"https:\/\/api.w.org\/{rel}","templated":true}]}}