{"id":8652,"date":"2020-01-24T14:32:21","date_gmt":"2020-01-24T14:32:21","guid":{"rendered":"http:\/\/www.esev.ipv.pt\/dacomunicacao\/?p=8652"},"modified":"2020-01-24T14:32:28","modified_gmt":"2020-01-24T14:32:28","slug":"maria-do-ceu-albuquerque-a-ministra-que-adora-cozinhar","status":"publish","type":"post","link":"https:\/\/www1.esev.ipv.pt\/dacomunicacao\/?p=8652","title":{"rendered":"Maria do C\u00e9u Albuquerque, a ministra que adora cozinhar"},"content":{"rendered":"\n<p><em><strong>Maria do C\u00e9u Albuquerque nasceu em 1970, em Abrantes. Nunca desenvolveu antes qualquer atividade no setor agr\u00edcola, nem em termos produtivos, nem pol\u00edticos. \u00c9 a mulher que vai negociar a Pol\u00edtica Agr\u00edcola p\u00f3s-2020. <\/strong><\/em><\/p>\n\n\n\n<p><strong>Por Ana Filipa Costa<\/strong><\/p>\n\n\n\n<p>Jogava\nao prego, ao mata e ao berlinde na escola prim\u00e1ria e dona Cremilde foi a\nprofessora que a mais marcou. Lembra-se muito da av\u00f3 materna e todo o carinho\nque esta lhe dava. N\u00e3o s\u00f3 foi uma grande refer\u00eancia para a sua personalidade\ncomo lhe deu o gosto pela cozinha. <\/p>\n\n\n\n<p>Aos 18\nanos foi para Coimbra estudar. \u00c9 Licenciada em Bioqu\u00edmica pela Faculdade de\nCi\u00eancias e Tecnologia da Universidade de Coimbra e p\u00f3s-graduada em Gest\u00e3o da\nQualidade e Seguran\u00e7a Alimentar pelo Instituto Superior de Ci\u00eancias da Sa\u00fade\nEgas Moniz.<\/p>\n\n\n\n<p>A\nexig\u00eancia e o conservadorismo do pai eram not\u00e1veis. Tinha medo que a sociedade\nn\u00e3o iria dar as mesmas oportunidades \u00e0 filha por esta ser mulher. Queria que\ncriasse compet\u00eancias e defesas para lutar por aquilo que deseja. Coimbra\ntrouxe-lhe a emancipa\u00e7\u00e3o. Tinha a ambi\u00e7\u00e3o de conhecer e n\u00e3o ficar ref\u00e9m do seu\nconforto e conseguiu. <\/p>\n\n\n\n<p>Em 2006 iniciou a sua carreira como vereadora na C\u00e2mara Municipal de Abrantes e em 2009 foi eleita como presidente. Foi presidente da C\u00e2mara Municipal de Abrantes durante 9 anos e desde 2013 presidiu ao Conselho Intermunicipal da Comunidade Intermunicipal do M\u00e9dio Tejo.<\/p>\n\n\n\n<p>Casou\nmuito cedo e teve duas filhas, uma de 21 e outra de 23 anos. O seu projeto de\nvida sempre foi ter uma fam\u00edlia. <\/p>\n\n\n\n<p>\u00c9\nmembro do Comit\u00e9 de Acompanhamento do Programa Operacional Regional do Centro &#8211;\nCentro 2020, e da Comiss\u00e3o Executiva da Entidade Regional do Turismo Centro de\nPortugal, presidindo tamb\u00e9m \u00e0 dire\u00e7\u00e3o da TecParques &#8211; Associa\u00e7\u00e3o Portuguesa de\nParques de Ci\u00eancia e Tecnologia.<\/p>\n\n\n\n<p>Maria\ndo C\u00e9u Albuquerque \u00e9 a segunda mulher a ocupar o cargo de ministra da\nAgricultura, depois de Assun\u00e7\u00e3o Cristas, no tempo do Governo de Passos Coelho.<\/p>\n","protected":false},"excerpt":{"rendered":"<p>Maria do C\u00e9u Albuquerque nasceu em 1970, em Abrantes. Nunca desenvolveu antes qualquer atividade no setor agr\u00edcola, nem em termos<\/p>\n","protected":false},"author":4,"featured_media":8653,"comment_status":"open","ping_status":"open","sticky":false,"template":"","format":"standard","meta":[],"categories":[12],"tags":[997,2579,608],"_links":{"self":[{"href":"https:\/\/www1.esev.ipv.pt\/dacomunicacao\/index.php?rest_route=\/wp\/v2\/posts\/8652"}],"collection":[{"href":"https:\/\/www1.esev.ipv.pt\/dacomunicacao\/index.php?rest_route=\/wp\/v2\/posts"}],"about":[{"href":"https:\/\/www1.esev.ipv.pt\/dacomunicacao\/index.php?rest_route=\/wp\/v2\/types\/post"}],"author":[{"embeddable":true,"href":"https:\/\/www1.esev.ipv.pt\/dacomunicacao\/index.php?rest_route=\/wp\/v2\/users\/4"}],"replies":[{"embeddable":true,"href":"https:\/\/www1.esev.ipv.pt\/dacomunicacao\/index.php?rest_route=%2Fwp%2Fv2%2Fcomments&post=8652"}],"version-history":[{"count":1,"href":"https:\/\/www1.esev.ipv.pt\/dacomunicacao\/index.php?rest_route=\/wp\/v2\/posts\/8652\/revisions"}],"predecessor-version":[{"id":8654,"href":"https:\/\/www1.esev.ipv.pt\/dacomunicacao\/index.php?rest_route=\/wp\/v2\/posts\/8652\/revisions\/8654"}],"wp:featuredmedia":[{"embeddable":true,"href":"https:\/\/www1.esev.ipv.pt\/dacomunicacao\/index.php?rest_route=\/wp\/v2\/media\/8653"}],"wp:attachment":[{"href":"https:\/\/www1.esev.ipv.pt\/dacomunicacao\/index.php?rest_route=%2Fwp%2Fv2%2Fmedia&parent=8652"}],"wp:term":[{"taxonomy":"category","embeddable":true,"href":"https:\/\/www1.esev.ipv.pt\/dacomunicacao\/index.php?rest_route=%2Fwp%2Fv2%2Fcategories&post=8652"},{"taxonomy":"post_tag","embeddable":true,"href":"https:\/\/www1.esev.ipv.pt\/dacomunicacao\/index.php?rest_route=%2Fwp%2Fv2%2Ftags&post=8652"}],"curies":[{"name":"wp","href":"https:\/\/api.w.org\/{rel}","templated":true}]}}