{"id":8407,"date":"2019-12-02T11:09:10","date_gmt":"2019-12-02T11:09:10","guid":{"rendered":"http:\/\/www.esev.ipv.pt\/dacomunicacao\/?p=8407"},"modified":"2019-12-02T11:09:18","modified_gmt":"2019-12-02T11:09:18","slug":"tondela-perde-em-casa-frente-ao-belenenses","status":"publish","type":"post","link":"https:\/\/www1.esev.ipv.pt\/dacomunicacao\/?p=8407","title":{"rendered":"Tondela perde em casa frente ao Belenenses"},"content":{"rendered":"\n<p><em><strong>Na tarde deste domingo (1 de dezembro), o CD Tondela defrontou o Belenenses SAD, que acabou por subir ao 11.\u00ba lugar da liga NOS. O \u00fanico golo do jogo foi marcado pelo portugu\u00eas Lic\u00e1, aos 49 minutos, dando aos \u201cazuis\u201d a vit\u00f3ria.<\/strong><\/em><\/p>\n\n\n\n<p><strong>Por Cl\u00e1udia Prazeres<\/strong><\/p>\n\n\n\n<p>Nos primeiros 45\nminutos da partida, a equipa da casa (Tondela) foi superior, com um jogo mais\norganizado que permitiu construir mais oportunidades de golo, mas sem sucesso. <\/p>\n\n\n\n<p>Apesar da superioridade\ndo Tondela, o Belenenses SAD disp\u00f4s de uma excelente oportunidade, aos 39\nminutos, contudo sem resultado, o guarda-redes, Cl\u00e1udio Ramos, estava atento e\nn\u00e3o hesitou na defesa. <\/p>\n\n\n\n<p>A segunda parte do\njogo, come\u00e7ou com a inaugura\u00e7\u00e3o do marcador pelo avan\u00e7ado Lic\u00e1, do Belenenses\nSAD , que numa bola cruzada por Andr\u00e9 Santos, aproveitou a baliza \u201caberta\u201d do\nTondela. <\/p>\n\n\n\n<p>No decorrer da segunda\nparte, a equipa dos \u201cazuis\u201d mostrou-se mais organizada em rela\u00e7\u00e3o \u00e0 primeira\nparte.&nbsp; <\/p>\n\n\n\n<p>O Tondela n\u00e3o deixou de\nprocurar o golo e criou algumas oportunidades, mas Kofi (Guarda-Redes do\nBelenenses SAD) acabou por defender todos os remates da equipa da casa.<\/p>\n\n\n\n<p>O\nBelenenses SAD conta agora com 14 pontos, menos um do que o Tondela, que sofreu\neste domingo a segunda derrota consecutiva e \u00e9 o nono posicionado.<\/p>\n","protected":false},"excerpt":{"rendered":"<p>Na tarde deste domingo (1 de dezembro), o CD Tondela defrontou o Belenenses SAD, que acabou por subir ao 11.\u00ba<\/p>\n","protected":false},"author":4,"featured_media":8408,"comment_status":"open","ping_status":"open","sticky":false,"template":"","format":"standard","meta":[],"categories":[13],"tags":[1711,666,20,638],"_links":{"self":[{"href":"https:\/\/www1.esev.ipv.pt\/dacomunicacao\/index.php?rest_route=\/wp\/v2\/posts\/8407"}],"collection":[{"href":"https:\/\/www1.esev.ipv.pt\/dacomunicacao\/index.php?rest_route=\/wp\/v2\/posts"}],"about":[{"href":"https:\/\/www1.esev.ipv.pt\/dacomunicacao\/index.php?rest_route=\/wp\/v2\/types\/post"}],"author":[{"embeddable":true,"href":"https:\/\/www1.esev.ipv.pt\/dacomunicacao\/index.php?rest_route=\/wp\/v2\/users\/4"}],"replies":[{"embeddable":true,"href":"https:\/\/www1.esev.ipv.pt\/dacomunicacao\/index.php?rest_route=%2Fwp%2Fv2%2Fcomments&post=8407"}],"version-history":[{"count":1,"href":"https:\/\/www1.esev.ipv.pt\/dacomunicacao\/index.php?rest_route=\/wp\/v2\/posts\/8407\/revisions"}],"predecessor-version":[{"id":8409,"href":"https:\/\/www1.esev.ipv.pt\/dacomunicacao\/index.php?rest_route=\/wp\/v2\/posts\/8407\/revisions\/8409"}],"wp:featuredmedia":[{"embeddable":true,"href":"https:\/\/www1.esev.ipv.pt\/dacomunicacao\/index.php?rest_route=\/wp\/v2\/media\/8408"}],"wp:attachment":[{"href":"https:\/\/www1.esev.ipv.pt\/dacomunicacao\/index.php?rest_route=%2Fwp%2Fv2%2Fmedia&parent=8407"}],"wp:term":[{"taxonomy":"category","embeddable":true,"href":"https:\/\/www1.esev.ipv.pt\/dacomunicacao\/index.php?rest_route=%2Fwp%2Fv2%2Fcategories&post=8407"},{"taxonomy":"post_tag","embeddable":true,"href":"https:\/\/www1.esev.ipv.pt\/dacomunicacao\/index.php?rest_route=%2Fwp%2Fv2%2Ftags&post=8407"}],"curies":[{"name":"wp","href":"https:\/\/api.w.org\/{rel}","templated":true}]}}