{"id":8400,"date":"2019-11-29T11:07:16","date_gmt":"2019-11-29T11:07:16","guid":{"rendered":"http:\/\/www.esev.ipv.pt\/dacomunicacao\/?p=8400"},"modified":"2019-11-29T11:07:22","modified_gmt":"2019-11-29T11:07:22","slug":"o-cinema-invade-foz-coa-durante-3-dias","status":"publish","type":"post","link":"https:\/\/www1.esev.ipv.pt\/dacomunicacao\/?p=8400","title":{"rendered":"O cinema invade Foz C\u00f4a durante 3 dias"},"content":{"rendered":"\n<p><strong><em>O cinema volta a invadir a Vila de Foz C\u00f4a, numa mostra de cinema entre os dias 28 e 30 de novembro.<\/em><\/strong><\/p>\n\n\n\n<p><strong>Por In\u00eas Rodrigues<\/strong><\/p>\n\n\n\n<p>A 8\u00ba edi\u00e7\u00e3o, do festival de cinema \u201cCineCoa\u201d contar\u00e1 com\numa homenagem ao ator Ricardo Pereira e com a presen\u00e7a da atriz vencedora da\npalma de Ouro para melhor atriz em Cannes 2018, Samal Yeslyamova.<\/p>\n\n\n\n<p>Com uma programa\u00e7\u00e3o variada, o festival vai apresentar\nfilmes e curtas de v\u00e1rias \u00e9pocas, g\u00e9neros e nacionalidades. No dia 28, ap\u00f3s a\nsess\u00e3o de abertura, recorrer\u00e1 a homenagem a Ricardo Pereira pelas 21h30. Tamb\u00e9m\na atriz Mia Tom\u00e9 estar\u00e1 presente com o filme \u201cSintoma de Aus\u00eancia\u201d de Carlos\nMelim, no dia 29 \u00e0s 21h30.<\/p>\n\n\n\n<p>Destaque ainda\npara o cine-concerto dos The James Whale Orchestra (dia 28), presen\u00e7a do\nrealizador Tiago Guedes e alguns dos atores do filme portugu\u00eas \u201cA herdade\u201d (dia\n29, 21h30), apresenta\u00e7\u00e3o da curta-metragem \u201cAo telefone com Deus\u201d de Vera\nCasaca, com presen\u00e7a do ator Ivo Canelas e apresenta\u00e7\u00e3o do filme \u201cAyka\u201d (dia\n30).<\/p>\n\n\n\n<p>O evento\ndecorre no audit\u00f3rio Municipal de Vila Nova de Foz C\u00f4a, com entrada gratuita.<\/p>\n\n\n\n<p><strong>Em baixo deixamos a programa\u00e7\u00e3o do evento:<\/strong><\/p>\n\n\n\n<p>29\nnovembro <\/p>\n\n\n\n<p>9:30h e\n11:00h<\/p>\n\n\n\n<p>Espa\u00e7o juvenil\n\u2013 2<\/p>\n\n\n\n<p>14:30h<\/p>\n\n\n\n<p>\u201cTimoneiro\u201d&nbsp;de Majid Esmaeli-Parsa (Ir\u00e3o)<\/p>\n\n\n\n<p>18:00h<\/p>\n\n\n\n<p>\u201cCarnaval Sujo\u201d&nbsp;de Jos\u00e9 Miguel Moreira, com a presen\u00e7a do realizador.<\/p>\n\n\n\n<p>\u201cFausto, um Retorno do Futuro\u201d&nbsp;de Maria Alexea (Gr\u00e9cia)<\/p>\n\n\n\n<p>21:30h<\/p>\n\n\n\n<p>\u201cSintoma de Aus\u00eancia\u201d&nbsp;de Carlos Melim\n\u2013 Presen\u00e7a da atriz Mia Tom\u00e9<\/p>\n\n\n\n<p>\u201cA HERDADE\u201d&nbsp;de Tiago\nGuedes \u2013 Com a presen\u00e7a do realizador Tiago Guedes e atores.<\/p>\n\n\n\n<p>30 novembro\n<\/p>\n\n\n\n<p>16:00h<\/p>\n\n\n\n<p>\u201cA Outra Pele\u201d\nde In\u00e9s de Oliveira C\u00e9zar (Argentina, Brasil)com a presen\u00e7a do produtor Ralf\nTumbke.<\/p>\n\n\n\n<p>18:00h<\/p>\n\n\n\n<p>\u201cAo Telefone com Deus\u201d&nbsp;de Vera Casaca<\/p>\n\n\n\n<p>ANTE-ESTREIA \u201cUma Rapariga F\u00e1cil\u201d&nbsp;de Rebecca Zlotowski.<\/p>\n\n\n\n<p>21:30h<\/p>\n\n\n\n<p>\u201cAyka\u201d&nbsp;de Sergey\nDvortsevoy \u2013 Com a presen\u00e7a da atriz Samal Yeslyamova (Palma de Ouro para\nMelhor Atriz em Cannes 2018).<\/p>\n\n\n\n<p><\/p>\n","protected":false},"excerpt":{"rendered":"<p>O cinema volta a invadir a Vila de Foz C\u00f4a, numa mostra de cinema entre os dias 28 e 30<\/p>\n","protected":false},"author":4,"featured_media":8401,"comment_status":"open","ping_status":"open","sticky":false,"template":"","format":"standard","meta":[],"categories":[15],"tags":[2508,117,199],"_links":{"self":[{"href":"https:\/\/www1.esev.ipv.pt\/dacomunicacao\/index.php?rest_route=\/wp\/v2\/posts\/8400"}],"collection":[{"href":"https:\/\/www1.esev.ipv.pt\/dacomunicacao\/index.php?rest_route=\/wp\/v2\/posts"}],"about":[{"href":"https:\/\/www1.esev.ipv.pt\/dacomunicacao\/index.php?rest_route=\/wp\/v2\/types\/post"}],"author":[{"embeddable":true,"href":"https:\/\/www1.esev.ipv.pt\/dacomunicacao\/index.php?rest_route=\/wp\/v2\/users\/4"}],"replies":[{"embeddable":true,"href":"https:\/\/www1.esev.ipv.pt\/dacomunicacao\/index.php?rest_route=%2Fwp%2Fv2%2Fcomments&post=8400"}],"version-history":[{"count":1,"href":"https:\/\/www1.esev.ipv.pt\/dacomunicacao\/index.php?rest_route=\/wp\/v2\/posts\/8400\/revisions"}],"predecessor-version":[{"id":8402,"href":"https:\/\/www1.esev.ipv.pt\/dacomunicacao\/index.php?rest_route=\/wp\/v2\/posts\/8400\/revisions\/8402"}],"wp:featuredmedia":[{"embeddable":true,"href":"https:\/\/www1.esev.ipv.pt\/dacomunicacao\/index.php?rest_route=\/wp\/v2\/media\/8401"}],"wp:attachment":[{"href":"https:\/\/www1.esev.ipv.pt\/dacomunicacao\/index.php?rest_route=%2Fwp%2Fv2%2Fmedia&parent=8400"}],"wp:term":[{"taxonomy":"category","embeddable":true,"href":"https:\/\/www1.esev.ipv.pt\/dacomunicacao\/index.php?rest_route=%2Fwp%2Fv2%2Fcategories&post=8400"},{"taxonomy":"post_tag","embeddable":true,"href":"https:\/\/www1.esev.ipv.pt\/dacomunicacao\/index.php?rest_route=%2Fwp%2Fv2%2Ftags&post=8400"}],"curies":[{"name":"wp","href":"https:\/\/api.w.org\/{rel}","templated":true}]}}