{"id":8252,"date":"2019-11-19T11:59:18","date_gmt":"2019-11-19T11:59:18","guid":{"rendered":"http:\/\/www.esev.ipv.pt\/dacomunicacao\/?p=8252"},"modified":"2019-11-19T11:59:22","modified_gmt":"2019-11-19T11:59:22","slug":"comunidade-escolar-mangualdense-visitou-planalto-beirao","status":"publish","type":"post","link":"https:\/\/www1.esev.ipv.pt\/dacomunicacao\/?p=8252","title":{"rendered":"Comunidade escolar mangualdense visitou Planalto Beir\u00e3o"},"content":{"rendered":"\n<p><strong><em>A\u00e7\u00e3o, no \u00e2mbito do projeto Eco-Escolas, decorreu na passada sexta-feira e os cerca de 150 alunos e professores tiveram a oportunidade de ver a rece\u00e7\u00e3o, a prepara\u00e7\u00e3o e o tratamento dos res\u00edduos s\u00f3lidos urbanos, visitando as instala\u00e7\u00f5es e entendendo melhor todo o processo.<\/em><\/strong><\/p>\n\n\n\n<p>Cerca de 150 alunos e professores do Agrupamento de Escolas de Mangualde visitaram, esta sexta-feira, dia 15 de novembro, a Associa\u00e7\u00e3o de Munic\u00edpios da Regi\u00e3o do Planalto Beir\u00e3o, no \u00e2mbito do projeto Eco-Escolas.<\/p>\n\n\n\n<p>Acompanhados pelo vereador do Ambiente da C\u00e2mara Municipal de Mangualde, Jo\u00e3o Lopes, os alunos e os professores visitaram assim a Associa\u00e7\u00e3o que det\u00e9m um sistema integrado de gest\u00e3o de res\u00edduos s\u00f3lidos urbanos, com solu\u00e7\u00f5es de valoriza\u00e7\u00e3o e tratamento dos mesmos para os 19 munic\u00edpios abrangidos, dos quais faz parte o Munic\u00edpio de Mangualde. <\/p>\n\n\n\n<p><strong>A comunidade escolar fo<\/strong><a><strong>i <\/strong><\/a><strong>sensibilizada<\/strong><a><strong> <\/strong><\/a><strong>para a prote\u00e7\u00e3o do Ambiente e para a preserva\u00e7\u00e3o da beleza da regi\u00e3o. <\/strong>Tiveram a oportunidade de ver a rece\u00e7\u00e3o, a prepara\u00e7\u00e3o e o tratamento dos res\u00edduos s\u00f3lidos urbanos, visitando as instala\u00e7\u00f5es e entendendo melhor todo o processo. Por dia, a Associa\u00e7\u00e3o do Planalto Beir\u00e3o recebe, dos 19 munic\u00edpios, cerca de 400 toneladas de res\u00edduos e, por ano, recebe s\u00f3 de Mangualde cerca de 700 toneladas.<\/p>\n\n\n\n<p>Eco-Escolas \u00e9 um programa internacional da \u201cFoundation for Environmental Education\u201d, desenvolvido em Portugal desde 1996 pela ABAE. Pretende encorajar a\u00e7\u00f5es e reconhecer o trabalho de qualidade desenvolvido pela escola, no \u00e2mbito da Educa\u00e7\u00e3o Ambiental para a Sustentabilidade. O programa \u00e9 coordenado a n\u00edvel internacional, nacional, regional e de escola. Esta coordena\u00e7\u00e3o multin\u00edvel permite a conflu\u00eancia para objetivos, metodologias e crit\u00e9rios comuns que respeitam a especificidade de cada escola relativamente aos seus alunos e carater\u00edsticas do meio envolvente.<\/p>\n\n\n\n<p><br><\/p>\n","protected":false},"excerpt":{"rendered":"<p>A\u00e7\u00e3o, no \u00e2mbito do projeto Eco-Escolas, decorreu na passada sexta-feira e os cerca de 150 alunos e professores tiveram a<\/p>\n","protected":false},"author":4,"featured_media":8253,"comment_status":"open","ping_status":"open","sticky":false,"template":"","format":"standard","meta":[],"categories":[462],"tags":[44,162,2395],"_links":{"self":[{"href":"https:\/\/www1.esev.ipv.pt\/dacomunicacao\/index.php?rest_route=\/wp\/v2\/posts\/8252"}],"collection":[{"href":"https:\/\/www1.esev.ipv.pt\/dacomunicacao\/index.php?rest_route=\/wp\/v2\/posts"}],"about":[{"href":"https:\/\/www1.esev.ipv.pt\/dacomunicacao\/index.php?rest_route=\/wp\/v2\/types\/post"}],"author":[{"embeddable":true,"href":"https:\/\/www1.esev.ipv.pt\/dacomunicacao\/index.php?rest_route=\/wp\/v2\/users\/4"}],"replies":[{"embeddable":true,"href":"https:\/\/www1.esev.ipv.pt\/dacomunicacao\/index.php?rest_route=%2Fwp%2Fv2%2Fcomments&post=8252"}],"version-history":[{"count":1,"href":"https:\/\/www1.esev.ipv.pt\/dacomunicacao\/index.php?rest_route=\/wp\/v2\/posts\/8252\/revisions"}],"predecessor-version":[{"id":8254,"href":"https:\/\/www1.esev.ipv.pt\/dacomunicacao\/index.php?rest_route=\/wp\/v2\/posts\/8252\/revisions\/8254"}],"wp:featuredmedia":[{"embeddable":true,"href":"https:\/\/www1.esev.ipv.pt\/dacomunicacao\/index.php?rest_route=\/wp\/v2\/media\/8253"}],"wp:attachment":[{"href":"https:\/\/www1.esev.ipv.pt\/dacomunicacao\/index.php?rest_route=%2Fwp%2Fv2%2Fmedia&parent=8252"}],"wp:term":[{"taxonomy":"category","embeddable":true,"href":"https:\/\/www1.esev.ipv.pt\/dacomunicacao\/index.php?rest_route=%2Fwp%2Fv2%2Fcategories&post=8252"},{"taxonomy":"post_tag","embeddable":true,"href":"https:\/\/www1.esev.ipv.pt\/dacomunicacao\/index.php?rest_route=%2Fwp%2Fv2%2Ftags&post=8252"}],"curies":[{"name":"wp","href":"https:\/\/api.w.org\/{rel}","templated":true}]}}