{"id":8245,"date":"2019-11-27T18:55:36","date_gmt":"2019-11-27T18:55:36","guid":{"rendered":"http:\/\/www.esev.ipv.pt\/dacomunicacao\/?p=8245"},"modified":"2019-11-27T18:55:39","modified_gmt":"2019-11-27T18:55:39","slug":"municipio-de-castro-daire-distribui-ecopontos-pelo-concelho","status":"publish","type":"post","link":"https:\/\/www1.esev.ipv.pt\/dacomunicacao\/?p=8245","title":{"rendered":"Munic\u00edpio de Castro Daire distribui ecopontos pelo concelho"},"content":{"rendered":"\n<p><strong><em>O Munic\u00edpio de Castro Daire est\u00e1 empenhado em aumentar as taxas de reciclagem no Concelho. Nesse sentido, a C\u00e2mara Municipal juntamente com a Associa\u00e7\u00e3o de Munic\u00edpios do Planalto Beir\u00e3o atrav\u00e9s de uma candidatura ao Programa Operacional para a Sustentabilidade e Efici\u00eancia no Uso de Recursos (POSEUR), viram-se contemplados com 100 novos Ecopontos destinados \u00e0 reciclagem, que est\u00e3o a ser distribu\u00eddos pelas aldeias do Concelho.<\/em><\/strong><\/p>\n\n\n\n<p>Esta iniciativa pretende sensibilizar todos os mun\u00edcipes para a recolha seletiva dos res\u00edduos permitindo alargar e melhorar a acessibilidade \u00e0 reciclagem, promovendo assim uma melhoria ambiental e um desenvolvimento sustent\u00e1vel.<\/p>\n","protected":false},"excerpt":{"rendered":"<p>O Munic\u00edpio de Castro Daire est\u00e1 empenhado em aumentar as taxas de reciclagem no Concelho. Nesse sentido, a C\u00e2mara Municipal<\/p>\n","protected":false},"author":4,"featured_media":8246,"comment_status":"open","ping_status":"open","sticky":false,"template":"","format":"standard","meta":[],"categories":[462],"tags":[44,1556,1621,1309],"_links":{"self":[{"href":"https:\/\/www1.esev.ipv.pt\/dacomunicacao\/index.php?rest_route=\/wp\/v2\/posts\/8245"}],"collection":[{"href":"https:\/\/www1.esev.ipv.pt\/dacomunicacao\/index.php?rest_route=\/wp\/v2\/posts"}],"about":[{"href":"https:\/\/www1.esev.ipv.pt\/dacomunicacao\/index.php?rest_route=\/wp\/v2\/types\/post"}],"author":[{"embeddable":true,"href":"https:\/\/www1.esev.ipv.pt\/dacomunicacao\/index.php?rest_route=\/wp\/v2\/users\/4"}],"replies":[{"embeddable":true,"href":"https:\/\/www1.esev.ipv.pt\/dacomunicacao\/index.php?rest_route=%2Fwp%2Fv2%2Fcomments&post=8245"}],"version-history":[{"count":1,"href":"https:\/\/www1.esev.ipv.pt\/dacomunicacao\/index.php?rest_route=\/wp\/v2\/posts\/8245\/revisions"}],"predecessor-version":[{"id":8247,"href":"https:\/\/www1.esev.ipv.pt\/dacomunicacao\/index.php?rest_route=\/wp\/v2\/posts\/8245\/revisions\/8247"}],"wp:featuredmedia":[{"embeddable":true,"href":"https:\/\/www1.esev.ipv.pt\/dacomunicacao\/index.php?rest_route=\/wp\/v2\/media\/8246"}],"wp:attachment":[{"href":"https:\/\/www1.esev.ipv.pt\/dacomunicacao\/index.php?rest_route=%2Fwp%2Fv2%2Fmedia&parent=8245"}],"wp:term":[{"taxonomy":"category","embeddable":true,"href":"https:\/\/www1.esev.ipv.pt\/dacomunicacao\/index.php?rest_route=%2Fwp%2Fv2%2Fcategories&post=8245"},{"taxonomy":"post_tag","embeddable":true,"href":"https:\/\/www1.esev.ipv.pt\/dacomunicacao\/index.php?rest_route=%2Fwp%2Fv2%2Ftags&post=8245"}],"curies":[{"name":"wp","href":"https:\/\/api.w.org\/{rel}","templated":true}]}}