{"id":8082,"date":"2019-11-04T11:10:26","date_gmt":"2019-11-04T11:10:26","guid":{"rendered":"http:\/\/www.esev.ipv.pt\/dacomunicacao\/?p=8082"},"modified":"2019-11-04T11:17:08","modified_gmt":"2019-11-04T11:17:08","slug":"investigacao-do-politecnico-de-viseu","status":"publish","type":"post","link":"https:\/\/www1.esev.ipv.pt\/dacomunicacao\/?p=8082","title":{"rendered":"Investiga\u00e7\u00e3o do Polit\u00e9cnico de Viseu potencia aproveitamento de za\u0302nga\u0303os para uso alimentar"},"content":{"rendered":"\n<p><strong><em>\u201czDrone Flour\u201d combate doen\u00e7a grave das abelhas e valoriza novo produto da colmeia.<\/em><\/strong><\/p>\n\n\n\n<p>Uma equipa de\nestudantes e docentes do Polit\u00e9cnico de Viseu e da Universidade de\nTr\u00e1s-os-Montes e Alto Douro desenvolveu um projeto de investiga\u00e7\u00e3o \u2013 \u201czDrone\nFlour\u201d \u2013 que visa contribuir para a diminui\u00e7\u00e3o dos preju\u00edzos provocados pelo\n\u00e1caro <em>Varroa destructor<\/em> e pelo uso\nde medicamentos veterin\u00e1rios, atrav\u00e9s da t\u00e9cnica de remo\u00e7\u00e3o de quadros de\nz\u00e2ng\u00e3os, e proceder ao aproveitamento e valoriza\u00e7\u00e3o destes insetos para uso\nalimentar.<\/p>\n\n\n\n<p>Desta forma, \u00e9\nposs\u00edvel aumentar o rendimento da atividade ap\u00edcola e proporcionar no futuro um\nconjunto de novos produtos \u00e0 base de farinha de z\u00e2ng\u00e3o rica em prote\u00edna\nanimal.<\/p>\n\n\n\n<p>A equipa do\nprojeto, constitu\u00edda por tr\u00eas estudantes da Escola Superior Agr\u00e1ria (ESAV) do\nPolit\u00e9cnico de Viseu \u2013 Ana Rodrigues, Mariana Ros\u00e1rio e Manuela Costa \u2013 e um da\nEscola de Ci\u00eancias Agr\u00e1rias e Veterin\u00e1rias da Universidade de Tr\u00e1s-os-Montes e\nAlto Douro \u2013 Sebasti\u00e3o Machado \u2013 e pelas docentes da ESAV, Paula Correia e\nCristina Amaro da Costa, apresentou na audi\u00e7\u00e3o final alguns dos produtos em\nestudo \u00e0 base de farinha de z\u00e2ng\u00e3o.<\/p>\n\n\n\n<p>Para os\nmembros do projeto \u201cparticipar em iniciativas deste tipo desafia a capacidade\nt\u00e9cnica e conhecimento dos estudantes, bem como suscita a import\u00e2ncia da\ncomunica\u00e7\u00e3o para o desempenho dos futuros profissionais. Este ano, com o projeto\n\u201czDrone Flour\u201d, tivemos a oportunidade de apresentar com sucesso um projeto\nmultidisciplinar e multi-institucional, que prop\u00f5e uma dupla solu\u00e7\u00e3o em\nbenef\u00edcio dos apicultores: combater uma doen\u00e7a grave das abelhas, remunerar os\napicultores atrav\u00e9s da ado\u00e7\u00e3o desta medida e valorizar um novo produto da\ncolmeia\u201d.<\/p>\n\n\n\n<p>A proposta\n\u201czDrone Flour\u201d conquistou recentemente o 2.\u00ba pr\u00e9mio do \u201cConcurso Universit\u00e1rio\n&amp; Polit\u00e9cnico CAP \u2013 Cultiva o teu futuro\u201d, edi\u00e7\u00e3o de 2019, dedicada \u00e0\ninova\u00e7\u00e3o em apicultura. A iniciativa que a Confedera\u00e7\u00e3o dos Agricultores de\nPortugal (CAP) promove, pelo oitavo ano consecutivo, procura desafiar os\nestudantes do ensino superior a proporem projetos inovadores relacionados com a\natividade agr\u00edcola.<\/p>\n","protected":false},"excerpt":{"rendered":"<p>\u201czDrone Flour\u201d combate doen\u00e7a grave das abelhas e valoriza novo produto da colmeia. Uma equipa de estudantes e docentes do<\/p>\n","protected":false},"author":4,"featured_media":8083,"comment_status":"open","ping_status":"open","sticky":false,"template":"","format":"standard","meta":[],"categories":[11],"tags":[188,330,1040,2444],"_links":{"self":[{"href":"https:\/\/www1.esev.ipv.pt\/dacomunicacao\/index.php?rest_route=\/wp\/v2\/posts\/8082"}],"collection":[{"href":"https:\/\/www1.esev.ipv.pt\/dacomunicacao\/index.php?rest_route=\/wp\/v2\/posts"}],"about":[{"href":"https:\/\/www1.esev.ipv.pt\/dacomunicacao\/index.php?rest_route=\/wp\/v2\/types\/post"}],"author":[{"embeddable":true,"href":"https:\/\/www1.esev.ipv.pt\/dacomunicacao\/index.php?rest_route=\/wp\/v2\/users\/4"}],"replies":[{"embeddable":true,"href":"https:\/\/www1.esev.ipv.pt\/dacomunicacao\/index.php?rest_route=%2Fwp%2Fv2%2Fcomments&post=8082"}],"version-history":[{"count":1,"href":"https:\/\/www1.esev.ipv.pt\/dacomunicacao\/index.php?rest_route=\/wp\/v2\/posts\/8082\/revisions"}],"predecessor-version":[{"id":8084,"href":"https:\/\/www1.esev.ipv.pt\/dacomunicacao\/index.php?rest_route=\/wp\/v2\/posts\/8082\/revisions\/8084"}],"wp:featuredmedia":[{"embeddable":true,"href":"https:\/\/www1.esev.ipv.pt\/dacomunicacao\/index.php?rest_route=\/wp\/v2\/media\/8083"}],"wp:attachment":[{"href":"https:\/\/www1.esev.ipv.pt\/dacomunicacao\/index.php?rest_route=%2Fwp%2Fv2%2Fmedia&parent=8082"}],"wp:term":[{"taxonomy":"category","embeddable":true,"href":"https:\/\/www1.esev.ipv.pt\/dacomunicacao\/index.php?rest_route=%2Fwp%2Fv2%2Fcategories&post=8082"},{"taxonomy":"post_tag","embeddable":true,"href":"https:\/\/www1.esev.ipv.pt\/dacomunicacao\/index.php?rest_route=%2Fwp%2Fv2%2Ftags&post=8082"}],"curies":[{"name":"wp","href":"https:\/\/api.w.org\/{rel}","templated":true}]}}