{"id":806,"date":"2016-08-09T14:17:35","date_gmt":"2016-08-09T14:17:35","guid":{"rendered":"http:\/\/www.esev.ipv.pt\/dacomunicacao\/?p=806"},"modified":"2016-08-09T14:18:45","modified_gmt":"2016-08-09T14:18:45","slug":"8-concelhos-do-distrito-de-aveiro-reunidos-no-ii-acampamento-distrital","status":"publish","type":"post","link":"https:\/\/www1.esev.ipv.pt\/dacomunicacao\/?p=806","title":{"rendered":"8 Concelhos do distrito de Aveiro reunidos no II acampamento Distrital"},"content":{"rendered":"<p><img loading=\"lazy\" src=\"http:\/\/www.esev.ipv.pt\/dacomunicacao\/wp-content\/uploads\/2016\/08\/js-300x197.jpg\" alt=\"js\" width=\"300\" height=\"197\" class=\"alignnone size-medium wp-image-803\" srcset=\"https:\/\/www1.esev.ipv.pt\/dacomunicacao\/wp-content\/uploads\/2016\/08\/js-300x197.jpg 300w, https:\/\/www1.esev.ipv.pt\/dacomunicacao\/wp-content\/uploads\/2016\/08\/js.jpg 593w\" sizes=\"(max-width: 300px) 100vw, 300px\" \/><br \/>\nDecorreu recentemente o II Acampamento Distrital da Federa\u00e7\u00e3o de Aveiro da Juventude Socialista na praia do Castelo, em Castelo de Paiva. Este evento reuniu mandat\u00e1rios dos v\u00e1rios concelhos num ambiente informal por se tratar de jovens associados ao PS.<br \/>\nO projeto coletivo ocorreu durante todo o fim-de-semana, com momentos de conv\u00edvio que aliaram a pr\u00e1tica desportiva, conv\u00edvio e at\u00e9 a momentos de debate pol\u00edtico entre os participantes.<br \/>\nDe entre os objetivos do acampamento destaca-se \u201co facto de conseguirem alcan\u00e7ar um ambiente mais informal do que o habitual\u201d, bem como aumentar a liga\u00e7\u00e3o e os \u201cla\u00e7os de camaradagem\u201d entres os participantes dos v\u00e1rios concelhos, como relevou Paulo Tom\u00e1s, presidente da Federa\u00e7\u00e3o Distrital de Aveiro da Juventude Socialista.<br \/>\nPara Jorge Sequeira, vice-presidente da Federa\u00e7\u00e3o de Aveiro, eventos como este s\u00e3o \u201cmuito enriquecedores, tanto a n\u00edvel pessoal como distrital\u201d. Acredita que \u201cestas iniciativas v\u00e3o continuar a existir enquanto existir a Juventude Socialista\u201d.<br \/>\nDurante o dia de s\u00e1bado foram muitos os momentos de divers\u00e3o. A manh\u00e3 foi passada em debates que se debru\u00e7aram sobre temas como \u201ca defesa dos valores da social-democracia\u201d, como revelou Jorge Sequeira. A tarde foi passada na praia onde foi poss\u00edvel realizar atividades desportivas.<br \/>\nOlinda Noronha, uma das parci\u00e1rias da JS de Castelo de Paiva, este ano o evento contou com \u201cmelhor organiza\u00e7\u00e3o e mais atividades, como Paddle, e ainda mais gente\u201d.<br \/>\nSegundo o Presidente da JS de Castelo de Paiva, Jo\u00e3o Pedro Teixeira, a participa\u00e7\u00e3o neste evento teve um custo associado, onde estavam inclu\u00eddas 2 refei\u00e7\u00f5es e 2 pequenos-almo\u00e7os. Algumas das refei\u00e7\u00f5es foram oferecidas pelos comerciantes da localidade, sendo que Jo\u00e3o afirma que \u201c\u00e9 f\u00e1cil trabalhar em Castelo de Paiva porque os comerciantes s\u00e3o muito prest\u00e1veis\u201d.<br \/>\nEste \u00e9 o segundo ano consecutivo em que se realiza o acampamento distrital da Juventude Socialista, continuando a ter como destino de realiza\u00e7\u00e3o a praia de Castelo de Paiva. <\/p>\n<p>Texto: Andreia Freitas<br \/>\nImagem: facebook da JS Castelo de Paiva <\/p>\n","protected":false},"excerpt":{"rendered":"<p>Decorreu recentemente o II Acampamento Distrital da Federa\u00e7\u00e3o de Aveiro da Juventude Socialista na praia do Castelo, em Castelo de<\/p>\n","protected":false},"author":4,"featured_media":803,"comment_status":"open","ping_status":"open","sticky":false,"template":"","format":"standard","meta":[],"categories":[12],"tags":[245,315],"_links":{"self":[{"href":"https:\/\/www1.esev.ipv.pt\/dacomunicacao\/index.php?rest_route=\/wp\/v2\/posts\/806"}],"collection":[{"href":"https:\/\/www1.esev.ipv.pt\/dacomunicacao\/index.php?rest_route=\/wp\/v2\/posts"}],"about":[{"href":"https:\/\/www1.esev.ipv.pt\/dacomunicacao\/index.php?rest_route=\/wp\/v2\/types\/post"}],"author":[{"embeddable":true,"href":"https:\/\/www1.esev.ipv.pt\/dacomunicacao\/index.php?rest_route=\/wp\/v2\/users\/4"}],"replies":[{"embeddable":true,"href":"https:\/\/www1.esev.ipv.pt\/dacomunicacao\/index.php?rest_route=%2Fwp%2Fv2%2Fcomments&post=806"}],"version-history":[{"count":2,"href":"https:\/\/www1.esev.ipv.pt\/dacomunicacao\/index.php?rest_route=\/wp\/v2\/posts\/806\/revisions"}],"predecessor-version":[{"id":808,"href":"https:\/\/www1.esev.ipv.pt\/dacomunicacao\/index.php?rest_route=\/wp\/v2\/posts\/806\/revisions\/808"}],"wp:featuredmedia":[{"embeddable":true,"href":"https:\/\/www1.esev.ipv.pt\/dacomunicacao\/index.php?rest_route=\/wp\/v2\/media\/803"}],"wp:attachment":[{"href":"https:\/\/www1.esev.ipv.pt\/dacomunicacao\/index.php?rest_route=%2Fwp%2Fv2%2Fmedia&parent=806"}],"wp:term":[{"taxonomy":"category","embeddable":true,"href":"https:\/\/www1.esev.ipv.pt\/dacomunicacao\/index.php?rest_route=%2Fwp%2Fv2%2Fcategories&post=806"},{"taxonomy":"post_tag","embeddable":true,"href":"https:\/\/www1.esev.ipv.pt\/dacomunicacao\/index.php?rest_route=%2Fwp%2Fv2%2Ftags&post=806"}],"curies":[{"name":"wp","href":"https:\/\/api.w.org\/{rel}","templated":true}]}}