{"id":8039,"date":"2019-10-30T14:50:16","date_gmt":"2019-10-30T14:50:16","guid":{"rendered":"http:\/\/www.esev.ipv.pt\/dacomunicacao\/?p=8039"},"modified":"2019-10-30T14:50:20","modified_gmt":"2019-10-30T14:50:20","slug":"obra-do-novo-espaco-do-arquivo-municipal-avanca","status":"publish","type":"post","link":"https:\/\/www1.esev.ipv.pt\/dacomunicacao\/?p=8039","title":{"rendered":"Obra do novo espa\u00e7o do Arquivo Municipal avan\u00e7a"},"content":{"rendered":"\n<p><em><strong>Empreitada est\u00e1 or\u00e7ada em 692 mil euros tem um prazo de execu\u00e7\u00e3o de 245 dias<\/strong><\/em><\/p>\n\n\n\n<p>O Munic\u00edpio de Viseu consignou esta quarta-feira, 30 de outubro, a obra de adapta\u00e7\u00e3o da cave da Igreja Madre Rita para Arquivo Municipal.<\/p>\n\n\n\n<p>A empreitada, or\u00e7ada em 692 mil euros e com um prazo de execu\u00e7\u00e3o de 245 dias, foi consignada \u00e0 empresa Irm\u00e3os Almeida Cabral.<\/p>\n\n\n\n<p>A interven\u00e7\u00e3o consiste na reconvers\u00e3o do interior da segunda cave do edif\u00edcio, adaptando-a com as caracter\u00edsticas que permitam acolher o dep\u00f3sito dos documentos, \u00e1reas de trabalho para funcion\u00e1rios e para os requerentes que pretendam consultar os documentos ali existentes.<\/p>\n\n\n\n<p>\u201cEste era um problema que fica resolvido para os pr\u00f3ximos 50 anos. Trata-se de uma obra devidamente estruturada, que permitir\u00e1 ter um arquivo de toda a documenta\u00e7\u00e3o da autarquia e, desta forma, prestar um melhor servi\u00e7o ao cidad\u00e3o\u201d, refere o Presidente da C\u00e2mara Municipal de Viseu, adiantando que \u201co investimento \u00e9 100% municipal\u201d.<\/p>\n\n\n\n<p>O projeto contempla ainda instala\u00e7\u00f5es el\u00e9tricas e de telecomunica\u00e7\u00f5es, sistemas de climatiza\u00e7\u00e3o e ventila\u00e7\u00e3o e sistema de controlo de inc\u00eandios.<\/p>\n","protected":false},"excerpt":{"rendered":"<p>Empreitada est\u00e1 or\u00e7ada em 692 mil euros tem um prazo de execu\u00e7\u00e3o de 245 dias O Munic\u00edpio de Viseu consignou<\/p>\n","protected":false},"author":4,"featured_media":8040,"comment_status":"open","ping_status":"open","sticky":false,"template":"","format":"standard","meta":[],"categories":[462],"tags":[1876,2436,771],"_links":{"self":[{"href":"https:\/\/www1.esev.ipv.pt\/dacomunicacao\/index.php?rest_route=\/wp\/v2\/posts\/8039"}],"collection":[{"href":"https:\/\/www1.esev.ipv.pt\/dacomunicacao\/index.php?rest_route=\/wp\/v2\/posts"}],"about":[{"href":"https:\/\/www1.esev.ipv.pt\/dacomunicacao\/index.php?rest_route=\/wp\/v2\/types\/post"}],"author":[{"embeddable":true,"href":"https:\/\/www1.esev.ipv.pt\/dacomunicacao\/index.php?rest_route=\/wp\/v2\/users\/4"}],"replies":[{"embeddable":true,"href":"https:\/\/www1.esev.ipv.pt\/dacomunicacao\/index.php?rest_route=%2Fwp%2Fv2%2Fcomments&post=8039"}],"version-history":[{"count":1,"href":"https:\/\/www1.esev.ipv.pt\/dacomunicacao\/index.php?rest_route=\/wp\/v2\/posts\/8039\/revisions"}],"predecessor-version":[{"id":8041,"href":"https:\/\/www1.esev.ipv.pt\/dacomunicacao\/index.php?rest_route=\/wp\/v2\/posts\/8039\/revisions\/8041"}],"wp:featuredmedia":[{"embeddable":true,"href":"https:\/\/www1.esev.ipv.pt\/dacomunicacao\/index.php?rest_route=\/wp\/v2\/media\/8040"}],"wp:attachment":[{"href":"https:\/\/www1.esev.ipv.pt\/dacomunicacao\/index.php?rest_route=%2Fwp%2Fv2%2Fmedia&parent=8039"}],"wp:term":[{"taxonomy":"category","embeddable":true,"href":"https:\/\/www1.esev.ipv.pt\/dacomunicacao\/index.php?rest_route=%2Fwp%2Fv2%2Fcategories&post=8039"},{"taxonomy":"post_tag","embeddable":true,"href":"https:\/\/www1.esev.ipv.pt\/dacomunicacao\/index.php?rest_route=%2Fwp%2Fv2%2Ftags&post=8039"}],"curies":[{"name":"wp","href":"https:\/\/api.w.org\/{rel}","templated":true}]}}