{"id":7990,"date":"2019-10-28T16:11:29","date_gmt":"2019-10-28T16:11:29","guid":{"rendered":"http:\/\/www.esev.ipv.pt\/dacomunicacao\/?p=7990"},"modified":"2019-10-28T16:11:32","modified_gmt":"2019-10-28T16:11:32","slug":"selecao-de-viseu-fica-em-9-o-lugar-no-torneio-nacional-de-futebol-de-rua","status":"publish","type":"post","link":"https:\/\/www1.esev.ipv.pt\/dacomunicacao\/?p=7990","title":{"rendered":"Sele\u00e7\u00e3o de Viseu fica em 9.\u00ba lugar no Torneio Nacional de Futebol de Rua"},"content":{"rendered":"\n<p><strong><em>De 22 a 26 de outubro, Viseu fez-se representar no Torneio Nacional de Futebol de Rua, que este ano aconteceu nos A\u00e7ores, ficando em 9.\u00ba lugar entre as 18 sele\u00e7\u00f5es distritais e das regi\u00f5es aut\u00f3nomas. <\/em><\/strong><\/p>\n\n\n\n<p>Durante o torneio houve ainda um curso de forma\u00e7\u00e3o em arbitragem para futebol de rua, onde participou mais uma viseense, Lara Nascimento. A sele\u00e7\u00e3o de Viseu foi a equipa sensa\u00e7\u00e3o do torneio uma vez que apesar de ser a sua primeira participa\u00e7\u00e3o surpreendeu sele\u00e7\u00f5es experientes e mostrou muita qualidade, prometendo melhores resultados para breve.<\/p>\n\n\n\n<p>&#8220;Acreditamos que a nossa sele\u00e7\u00e3o honrou o compromisso assumido com os apoiantes do projeto, nomeadamente o Munic\u00edpio de Viseu, a JS Cl\u00ednica M\u00e9dica, a Sak Project e a Delta Caf\u00e9s, que desde o primeiro momento, apoiaram a Adamastor neste desafio&#8221;, dizem os respons\u00e1veis em comunicado.<\/p>\n\n\n\n<p>&#8220;Neste momento, j\u00e1 iniciamos a prepara\u00e7\u00e3o do Torneio Distrital de Futebol de Rua 2020, que ser\u00e1 o pr\u00f3ximo passo deste projeto, onde pretendemos envolver mais equipas, participantes, volunt\u00e1rios e patrocinadores, assim como, assumimos como objetivo no pr\u00f3ximo torneio nacional participar com duas sele\u00e7\u00f5es, uma masculina e uma feminina. Queremos que o Futebol de Rua, seja uma refer\u00eancia nas boas pr\u00e1ticas de interven\u00e7\u00e3o social em Viseu e mais importante que isso, que fa\u00e7a a diferen\u00e7a na vida daqueles que nele participam&#8221;, remata a associa\u00e7\u00e3o.<\/p>\n","protected":false},"excerpt":{"rendered":"<p>De 22 a 26 de outubro, Viseu fez-se representar no Torneio Nacional de Futebol de Rua, que este ano aconteceu<\/p>\n","protected":false},"author":4,"featured_media":7991,"comment_status":"open","ping_status":"open","sticky":false,"template":"","format":"standard","meta":[],"categories":[13],"tags":[2389,2419],"_links":{"self":[{"href":"https:\/\/www1.esev.ipv.pt\/dacomunicacao\/index.php?rest_route=\/wp\/v2\/posts\/7990"}],"collection":[{"href":"https:\/\/www1.esev.ipv.pt\/dacomunicacao\/index.php?rest_route=\/wp\/v2\/posts"}],"about":[{"href":"https:\/\/www1.esev.ipv.pt\/dacomunicacao\/index.php?rest_route=\/wp\/v2\/types\/post"}],"author":[{"embeddable":true,"href":"https:\/\/www1.esev.ipv.pt\/dacomunicacao\/index.php?rest_route=\/wp\/v2\/users\/4"}],"replies":[{"embeddable":true,"href":"https:\/\/www1.esev.ipv.pt\/dacomunicacao\/index.php?rest_route=%2Fwp%2Fv2%2Fcomments&post=7990"}],"version-history":[{"count":1,"href":"https:\/\/www1.esev.ipv.pt\/dacomunicacao\/index.php?rest_route=\/wp\/v2\/posts\/7990\/revisions"}],"predecessor-version":[{"id":7992,"href":"https:\/\/www1.esev.ipv.pt\/dacomunicacao\/index.php?rest_route=\/wp\/v2\/posts\/7990\/revisions\/7992"}],"wp:featuredmedia":[{"embeddable":true,"href":"https:\/\/www1.esev.ipv.pt\/dacomunicacao\/index.php?rest_route=\/wp\/v2\/media\/7991"}],"wp:attachment":[{"href":"https:\/\/www1.esev.ipv.pt\/dacomunicacao\/index.php?rest_route=%2Fwp%2Fv2%2Fmedia&parent=7990"}],"wp:term":[{"taxonomy":"category","embeddable":true,"href":"https:\/\/www1.esev.ipv.pt\/dacomunicacao\/index.php?rest_route=%2Fwp%2Fv2%2Fcategories&post=7990"},{"taxonomy":"post_tag","embeddable":true,"href":"https:\/\/www1.esev.ipv.pt\/dacomunicacao\/index.php?rest_route=%2Fwp%2Fv2%2Ftags&post=7990"}],"curies":[{"name":"wp","href":"https:\/\/api.w.org\/{rel}","templated":true}]}}