{"id":7534,"date":"2019-07-09T11:14:56","date_gmt":"2019-07-09T11:14:56","guid":{"rendered":"http:\/\/www.esev.ipv.pt\/dacomunicacao\/?p=7534"},"modified":"2019-07-09T11:14:56","modified_gmt":"2019-07-09T11:14:56","slug":"fernando-espinha-e-o-novo-presidente-da-cpcj-de-mangualde","status":"publish","type":"post","link":"https:\/\/www1.esev.ipv.pt\/dacomunicacao\/?p=7534","title":{"rendered":"Fernando Espinha \u00e9 o novo presidente da CPCJ de Mangualde"},"content":{"rendered":"<p style=\"font-weight: 400;\"><em><strong>Ocorreu ontem, dia 4 de julho, a elei\u00e7\u00e3o do presidente da Comiss\u00e3o de Prote\u00e7\u00e3o de Crian\u00e7as e Jovens (CPCJ) de Mangualde em reuni\u00e3o da Comiss\u00e3o Alargada. O presidente eleito,\u00a0Fernando Espinha,\u00a0passa a representar o Munic\u00edpio de Mangualde, substituindo assim Maria Jos\u00e9 Coelho, atual vereadora da C\u00e2mara Municipal, que presidiu a CPCJ Municipal durante nove anos.<\/strong><\/em><\/p>\n<p style=\"font-weight: 400;\">A tomada de posse contou com a presen\u00e7a do Presidente da C\u00e2mara Municipal de Mangualde, Jo\u00e3o Azevedo que, dirigindo-se ao trabalho desempenhado pela vereadora Maria Jos\u00e9 Coelho, agradeceu\u00a0<strong>\u201co empenho, a determina\u00e7\u00e3o, o cuidado e o carinho\u201d<\/strong>\u00a0com que a mesma liderou a CPCJ durante todo este per\u00edodo.<\/p>\n<blockquote>\n<p style=\"font-weight: 400;\"><strong>\u201cAs Comiss\u00f5es de Prote\u00e7\u00e3o de Crian\u00e7as e Jovens visam, como sabemos, a\u00a0d<\/strong><strong>efesa e a prote\u00e7\u00e3o dos direitos das crian\u00e7as e jovens em risco e essa \u00e9 uma tarefa dif\u00edcil. Cabe-me, portanto, agradecer a Maria Jos\u00e9 Coelho o esp\u00edrito solid\u00e1rio e de miss\u00e3o com que exerceu fun\u00e7\u00f5es durante estes nove anos. Agradecer-lhe o trabalho excecional, mas, e acima de tudo, o empenho, a determina\u00e7\u00e3o, o cuidado e o carinho que sempre demonstrou para com aqueles que precisaram da sua ajuda.\u201d<\/strong><\/p>\n<\/blockquote>\n<p style=\"font-weight: 400;\">Quando ao novo presidente da CPCJ de Mangualde, Jo\u00e3o Azevedo, deixou palavras de motiva\u00e7\u00e3o e de confian\u00e7a:<strong>\u00a0\u201cVai agarrar este cargo com afinco, sem d\u00favida, pois sei da sua experi\u00eancia, compet\u00eancia, curr\u00edculo e percurso junto da comunidade mangualdense\u201d.<\/strong><\/p>\n<p style=\"font-weight: 400;\">\n","protected":false},"excerpt":{"rendered":"<p>Ocorreu ontem, dia 4 de julho, a elei\u00e7\u00e3o do presidente da Comiss\u00e3o de Prote\u00e7\u00e3o de Crian\u00e7as e Jovens (CPCJ) de<\/p>\n","protected":false},"author":4,"featured_media":7535,"comment_status":"open","ping_status":"open","sticky":false,"template":"","format":"standard","meta":[],"categories":[462],"tags":[1034,162],"_links":{"self":[{"href":"https:\/\/www1.esev.ipv.pt\/dacomunicacao\/index.php?rest_route=\/wp\/v2\/posts\/7534"}],"collection":[{"href":"https:\/\/www1.esev.ipv.pt\/dacomunicacao\/index.php?rest_route=\/wp\/v2\/posts"}],"about":[{"href":"https:\/\/www1.esev.ipv.pt\/dacomunicacao\/index.php?rest_route=\/wp\/v2\/types\/post"}],"author":[{"embeddable":true,"href":"https:\/\/www1.esev.ipv.pt\/dacomunicacao\/index.php?rest_route=\/wp\/v2\/users\/4"}],"replies":[{"embeddable":true,"href":"https:\/\/www1.esev.ipv.pt\/dacomunicacao\/index.php?rest_route=%2Fwp%2Fv2%2Fcomments&post=7534"}],"version-history":[{"count":1,"href":"https:\/\/www1.esev.ipv.pt\/dacomunicacao\/index.php?rest_route=\/wp\/v2\/posts\/7534\/revisions"}],"predecessor-version":[{"id":7536,"href":"https:\/\/www1.esev.ipv.pt\/dacomunicacao\/index.php?rest_route=\/wp\/v2\/posts\/7534\/revisions\/7536"}],"wp:featuredmedia":[{"embeddable":true,"href":"https:\/\/www1.esev.ipv.pt\/dacomunicacao\/index.php?rest_route=\/wp\/v2\/media\/7535"}],"wp:attachment":[{"href":"https:\/\/www1.esev.ipv.pt\/dacomunicacao\/index.php?rest_route=%2Fwp%2Fv2%2Fmedia&parent=7534"}],"wp:term":[{"taxonomy":"category","embeddable":true,"href":"https:\/\/www1.esev.ipv.pt\/dacomunicacao\/index.php?rest_route=%2Fwp%2Fv2%2Fcategories&post=7534"},{"taxonomy":"post_tag","embeddable":true,"href":"https:\/\/www1.esev.ipv.pt\/dacomunicacao\/index.php?rest_route=%2Fwp%2Fv2%2Ftags&post=7534"}],"curies":[{"name":"wp","href":"https:\/\/api.w.org\/{rel}","templated":true}]}}