{"id":7531,"date":"2019-07-05T12:34:00","date_gmt":"2019-07-05T12:34:00","guid":{"rendered":"http:\/\/www.esev.ipv.pt\/dacomunicacao\/?p=7531"},"modified":"2019-07-05T12:34:00","modified_gmt":"2019-07-05T12:34:00","slug":"municipio-promove-festas-do-concelho-de-oliveira-de-frades","status":"publish","type":"post","link":"https:\/\/www1.esev.ipv.pt\/dacomunicacao\/?p=7531","title":{"rendered":"Munic\u00edpio promove Festas do Concelho de Oliveira de Frades"},"content":{"rendered":"<p><em><strong>O Munic\u00edpio de Oliveira de Frades promove de 10 a 14 de julho as Festas do Concelho de Oliveira de Frades, no Largo da Feira.<\/strong> <\/em><\/p>\n<p>Em termos musicais regista-se a atua\u00e7\u00e3o de David Antunes &amp; The Midnight Band, Banda Canta Brasil, Quim Barreiros, MastikSoul, Os Quatro e Meia, \u00c0ria, Fanfarra Am\u00eandoa Amarga, Fora da Lei, She is a Girl, Rock &amp; 4 e DJ residente. De real\u00e7ar as participa\u00e7\u00f5es dos Grupos de cariz tradicional \u201cPedra do Ar\u201d e \u201cFicActivo\u201d, o espet\u00e1culo da ACROF \u201c4 Elementos\u201d e, ainda, as Marionetas da Feira com duas sess\u00f5es dedicadas ao p\u00fablico infantil.<\/p>\n<p>A acrescentar a tudo isto, decorrer\u00e1, no Largo da Feira, a exposi\u00e7\u00e3o da mostra das potencialidades do concelho, nomeadamente o turismo, as atividades econ\u00f3micas, o artesanato e a gastronomia e, ainda, o espet\u00e1culo piromusical que encerrar\u00e1 este evento. Por tudo isto e muito mais, o Munic\u00edpio convida todos a participarem nestas Festas e a desfrutarem de um programa \u00fanico e enriquecedor.<\/p>\n","protected":false},"excerpt":{"rendered":"<p>O Munic\u00edpio de Oliveira de Frades promove de 10 a 14 de julho as Festas do Concelho de Oliveira de<\/p>\n","protected":false},"author":4,"featured_media":7532,"comment_status":"open","ping_status":"open","sticky":false,"template":"","format":"standard","meta":[],"categories":[462],"tags":[2297,171],"_links":{"self":[{"href":"https:\/\/www1.esev.ipv.pt\/dacomunicacao\/index.php?rest_route=\/wp\/v2\/posts\/7531"}],"collection":[{"href":"https:\/\/www1.esev.ipv.pt\/dacomunicacao\/index.php?rest_route=\/wp\/v2\/posts"}],"about":[{"href":"https:\/\/www1.esev.ipv.pt\/dacomunicacao\/index.php?rest_route=\/wp\/v2\/types\/post"}],"author":[{"embeddable":true,"href":"https:\/\/www1.esev.ipv.pt\/dacomunicacao\/index.php?rest_route=\/wp\/v2\/users\/4"}],"replies":[{"embeddable":true,"href":"https:\/\/www1.esev.ipv.pt\/dacomunicacao\/index.php?rest_route=%2Fwp%2Fv2%2Fcomments&post=7531"}],"version-history":[{"count":1,"href":"https:\/\/www1.esev.ipv.pt\/dacomunicacao\/index.php?rest_route=\/wp\/v2\/posts\/7531\/revisions"}],"predecessor-version":[{"id":7533,"href":"https:\/\/www1.esev.ipv.pt\/dacomunicacao\/index.php?rest_route=\/wp\/v2\/posts\/7531\/revisions\/7533"}],"wp:featuredmedia":[{"embeddable":true,"href":"https:\/\/www1.esev.ipv.pt\/dacomunicacao\/index.php?rest_route=\/wp\/v2\/media\/7532"}],"wp:attachment":[{"href":"https:\/\/www1.esev.ipv.pt\/dacomunicacao\/index.php?rest_route=%2Fwp%2Fv2%2Fmedia&parent=7531"}],"wp:term":[{"taxonomy":"category","embeddable":true,"href":"https:\/\/www1.esev.ipv.pt\/dacomunicacao\/index.php?rest_route=%2Fwp%2Fv2%2Fcategories&post=7531"},{"taxonomy":"post_tag","embeddable":true,"href":"https:\/\/www1.esev.ipv.pt\/dacomunicacao\/index.php?rest_route=%2Fwp%2Fv2%2Ftags&post=7531"}],"curies":[{"name":"wp","href":"https:\/\/api.w.org\/{rel}","templated":true}]}}