{"id":739,"date":"2016-07-05T15:41:19","date_gmt":"2016-07-05T15:41:19","guid":{"rendered":"http:\/\/www.esev.ipv.pt\/dacomunicacao\/?p=739"},"modified":"2016-07-05T15:41:19","modified_gmt":"2016-07-05T15:41:19","slug":"covas-do-monte-um-olhar-sob-a-historia-e-futuro-das-aldeias-portuguesas","status":"publish","type":"post","link":"https:\/\/www1.esev.ipv.pt\/dacomunicacao\/?p=739","title":{"rendered":"Covas do Monte: um olhar sob a hist\u00f3ria e futuro das aldeias portuguesas"},"content":{"rendered":"<p>\u201cE isto, quando era eu nova, isto era uma conta, e agora \u00e9 diferente. A juventude era muita\u2026 os rapazes estavam no iteiro e a ver onde \u00e9 que as pequenas (raparigas) andavam para ir ter com elas e esper\u00e1-las aos caminhos. A gente estava a lavar e eles iam l\u00e1 ter, a gente ia \u00e1 fonte e eles iam para l\u00e1 botar pedritas aos canecos para a gente demorar mais tempo: eles botavam uma pedra e a gente tirava-a fora e tornava a p\u00f4-la na bica e eles tornavam a botar para a gente estar assim mais tempo ao p\u00e9 deles\u201d.<\/p>\n<p>Estas s\u00e3o as palavras de Maria de Lordes Duarte da Costa de 82 anos que nasceu e reside em Covas do Monte \u00e9 uma aldeia que fica situada na serra de S\u00e3o Mac\u00e1rio pertence ao distrito de Viseu, ao concelho de S\u00e3o Pedro do Sul e \u00e0 uni\u00e3o das Freguesias de S\u00e3o Martinho das Moitas.\u00a0As pessoas da aldeia dedicam-se ao cultivo das terras e \u00e0 pastor\u00edcia, sendo que em 2011 a aldeia contava com mais de 50 habitantes permanentes e mais de duas mil cabe\u00e7as de gado.<\/p>\n<p><img loading=\"lazy\" class=\"alignnone size-medium wp-image-740\" src=\"http:\/\/www.esev.ipv.pt\/dacomunicacao\/wp-content\/uploads\/2016\/07\/covas1-300x188.jpg\" alt=\"covas1\" width=\"300\" height=\"188\" srcset=\"https:\/\/www1.esev.ipv.pt\/dacomunicacao\/wp-content\/uploads\/2016\/07\/covas1-300x188.jpg 300w, https:\/\/www1.esev.ipv.pt\/dacomunicacao\/wp-content\/uploads\/2016\/07\/covas1-768x482.jpg 768w, https:\/\/www1.esev.ipv.pt\/dacomunicacao\/wp-content\/uploads\/2016\/07\/covas1.jpg 788w\" sizes=\"(max-width: 300px) 100vw, 300px\" \/><\/p>\n<p>Hoje, a aldeia tem uma popula\u00e7\u00e3o total de 33 habitantes. O n\u00famero de campos cultivados \u00e9 cada vez menor e o total de cabe\u00e7as de gado baixou para cerca de quinhentas.<\/p>\n<p>O que est\u00e1 a acontecer nesta aldeia \u00e9 um fen\u00f3meno que se repete em v\u00e1rias aldeias portuguesas. Os descendentes mais jovens procuram ir viver para locais mais urbanizados, e as pessoas com maior idade que ficam na aldeia, deixam de poder trabalhar devido a doen\u00e7as e \u00e0 falta de familiares que os ajudem.\u00a0As aldeias perdem vigor e v\u00e3o ficando esquecidas, at\u00e9 que perdem os seus \u00faltimos habitantes e eventualmente ficam abandonadas.<\/p>\n<p>Tal \u00e9 o caso da aldeia da Drave, que est\u00e1 desabitada h\u00e1 mais de uma d\u00e9cada. A Drave \u00e9 uma aldeia que se situa numa converg\u00eancia entre a Serra da Freita, Serra de S\u00e3o Mac\u00e1rio e a Serra da Arada, integrada no Geoparque de Arouca e situada na Uni\u00e3o das Freguesias de Covelo de Paiv\u00f3 e Janarde, Concelho de Arouca, Distrito de Aveiro.<\/p>\n<p>A aldeia, que outrora era pr\u00f3spera na agricultura e cria\u00e7\u00e3o de gado, come\u00e7ou a perder habitantes: uns emigraram outros faleceram na aldeia que os viu nascer. A filha do casal que fora dos \u00faltimos habitantes da aldeia da Drave, vive hoje em Covas do Monte com o seu marido. Os seus esfor\u00e7os viram-se para a celebra\u00e7\u00e3o religiosa que se realiza anualmente em agosto, na sua aldeia natal. Segundo a mesma, visitar a aldeia da Drave serve para relembrar os tempos da sua inf\u00e2ncia e juventude, mas reconhece, no seu ponto de vista, que a aldeia nunca mais tornar\u00e1 a ser o que era.\u00a0Trata-se de um lugar que parou no tempo.<\/p>\n<p>A aldeia de Covas do Monte, por outro lado, evoluiu e ret\u00e9m hoje bens essenciais que a aldeia da Drave n\u00e3o conseguiu adquirir, tal como \u00e1gua canalizada, g\u00e1s, correio, telefone e cobertura de rede de telem\u00f3vel. A aldeia de Covas do Monte possui tamb\u00e9m\u00a0um restaurante, que p\u00f5e ao dispor dos habitantes e visitantes o prazer da gastronomia local.<\/p>\n<p>Outro caso \u00e9 o da aldeia da Pena, na qual vivem duas fam\u00edlias que comp\u00f5em o total de sete habitantes. A localidade, fica a menos de dois quil\u00f3metros de Covas do Monte. A aldeia conta com duas irm\u00e3s ainda menores de idade, que todos os dias v\u00e3o para a escola que fica a mais de 20 quil\u00f3metros de dist\u00e2ncia, na cidade de S\u00e3o Pedro do Sul. O seu transporte di\u00e1rio \u00e9 assegurado pela C\u00e2mara Municipal. Os outros habitantes s\u00e3o os pais das jovens e av\u00f3 materna, que s\u00e3o donos de um restaurante localizado na aldeia. S\u00e3o vizinhos de um outro casal que fabrica pe\u00e7as de artesanato que exp\u00f5e e vende no restaurante.<\/p>\n<p>Al\u00e9m da sua aposta forte no com\u00e9rcio artesanal e gastronomia, a aldeia da Pena tamb\u00e9m vive da venda e troca de gado e do cultivo dos campos. Mesmo com uma grande diferen\u00e7a no n\u00famero de habitantes permanentes, a aldeia da Pena tem muitas caracter\u00edsticas comuns com a aldeia de Covas do Monte.\u00a0Quando questionados acerca do poss\u00edvel futuro da sua aldeia vizinha, os habitantes de Covas do Monte dizem que o futuro da aldeia da Pena est\u00e1 nas m\u00e3os das duas jovens irm\u00e3s e cabe a elas decidirem o que querem fazer quando crescerem.<\/p>\n<p><strong>\u201cAqui tamb\u00e9m est\u00e1 tudo acabado\u201d<\/strong><\/p>\n<p>Apesar da sua prosperidade em muitos aspetos, h\u00e1 quem tenha uma vis\u00e3o negativa do futuro da aldeia. Covas do Monte possui melhores acessos e mais recursos do que aldeia da Drave, e tem muito mais fam\u00edlias do que a aldeia da Pena. Mas, ainda assim, Covas do Monte j\u00e1 alcan\u00e7ou muitas etapas do caminho para a desertifica\u00e7\u00e3o.<br \/>\nO n\u00famero de pessoas nascidas recentemente na aldeia \u00e9 muito baixo e o n\u00famero de pessoas que faleceram recentemente ou que abandonaram a aldeia \u00e9 muito superior.<\/p>\n<p>A maioria dos seus habitantes n\u00e3o nasceram em Covas do Monte, mas foram\u00a0viver para l\u00e1. \u00c9 o caso de Maria Salom\u00e9 Martins, de 58\u00a0anos, que mora com o seu marido Manuel na aldeia. T\u00eam uma filha com 35\u00a0anos que trabalha como advogada e mora na cidade de Viseu com o seu marido e filha. Salom\u00e9 nasceu numa das aldeias vizinhas e mudou-se para Covas do Monte ap\u00f3s o seu casamento com Manuel, natural da aldeia.\u00a0Salom\u00e9 refere que n\u00e3o tem certezas quanto ao futuro da aldeia, mas diz que sempre esteve\u00a0habituada \u00e0 vida de campo e que n\u00e3o quer outro tipo de vida.<\/p>\n<p>Para al\u00e9m das pessoas que nasceram noutras aldeias e vieram para esta, tamb\u00e9m s\u00e3o muitas as pessoas que nasceram em Covas do Monte, mas que hoje em dia est\u00e3o a viver fora, quer em Viseu ou em outras cidades portuguesas, quer em pa\u00edses como a Fran\u00e7a, a Su\u00ed\u00e7a e o Brasil.<\/p>\n<p><strong>\u201cIsto \u00e9 tudo para andar\u2026 os filhos da gente n\u00e3o querem vir para c\u00e1, eles passam a vida melhor fora daqui\u2026\u201d<\/strong><\/p>\n<p>Os que escolhem sair da aldeia, fazem-no quase sempre \u00e0 procura de um futuro melhor. No entanto, h\u00e1 aqueles que continuam a visitar regularmente a aldeia sem nunca\u00a0se desfazerem dos bens materiais como casas, campos e palheiros que ainda possuem na localidade. Outros ainda\u00a0cortam totalmente o seu contacto com a aldeia.<br \/>\n\u00c9 de notar que os habitantes permanentes da aldeia, quer tenham nascido l\u00e1 ou tenham vindo de fora, sempre cresceram no meio rural e viveram neste ambiente durante praticamente todas as suas vidas.<\/p>\n<p>\u201cA malta n\u00e3o quer trabalhar na agricultura\u201d, explica Ant\u00f3nio Gomes Ribeiro, de 53 anos, que nasceu e vive na aldeia. Ant\u00f3nio vive com a sua m\u00e3e e apesar de j\u00e1 ter sa\u00eddo da aldeia chegando a viver na B\u00e9lgica, regressou e n\u00e3o tem planos de sair da aldeia.\u00a0Tal como as pessoas mais velhas, Ant\u00f3nio Ribeiro guarda com carinho as mem\u00f3rias do seu tempo de juventude passado na aldeia.<\/p>\n<p>Em gera\u00e7\u00f5es passadas, sobretudo nos anos de 1950 a 1990, Covas do Monte contou com os maiores n\u00fameros de habitantes de que h\u00e1 mem\u00f3ria, chegando a integra\u00a0mais de 50\u00a0jovens entre os 15\u00a0e os 30\u00a0anos de idade sendo. As\u00a0mem\u00f3rias destes tempos s\u00e3o as mais estimadas pelos habitantes que as viveram, pois relembram os anos de ouro da aldeia.\u00a0Hoje em dia a aldeia de Covas do Monte conta com uma popula\u00e7\u00e3o total de 33 habitantes, dos quais h\u00e1 apenas um com menos de 20\u00a0anos de idade. Jos\u00e9 Pedro, com 7 anos de idade, \u00e9 o mais novo e Claudino Pereira da Cruz \u00e9 o mais velho, com 92 anos.<\/p>\n<p><strong>\u201cVai ficar um a viver e a mandar nisto tudo\u201d<\/strong><\/p>\n<p><img loading=\"lazy\" class=\"alignnone size-medium wp-image-742\" src=\"http:\/\/www.esev.ipv.pt\/dacomunicacao\/wp-content\/uploads\/2016\/07\/covas2-300x212.jpg\" alt=\"covas2\" width=\"300\" height=\"212\" srcset=\"https:\/\/www1.esev.ipv.pt\/dacomunicacao\/wp-content\/uploads\/2016\/07\/covas2-300x212.jpg 300w, https:\/\/www1.esev.ipv.pt\/dacomunicacao\/wp-content\/uploads\/2016\/07\/covas2-768x543.jpg 768w, https:\/\/www1.esev.ipv.pt\/dacomunicacao\/wp-content\/uploads\/2016\/07\/covas2.jpg 879w\" sizes=\"(max-width: 300px) 100vw, 300px\" \/><br \/>\nEsta \u00e9 uma das teorias de Maria de Lordes, mas o futuro da aldeia e dos seus habitantes \u00e9 incerto, e muitos dos seus habitantes dizem que \u201co futuro a Deus pertence\u201d.<br \/>\nA aldeia tem dois jovens com idades na casa dos 20 anos, que planeiam ficar na aldeia por sua decis\u00e3o. E muitos outros habitantes demonstram um grande interesse pela divulga\u00e7\u00e3o e reformula\u00e7\u00e3o da aldeia. Tendo em conta o ponto de vista religioso, houve investimentos na capela e no caminho para o cruzeiro, no qual foi feita\u00a0uma cal\u00e7ada decorada e altar, para a realiza\u00e7\u00e3o de celebra\u00e7\u00f5es religiosas ao ar livre.<\/p>\n<p>Hoje em dia, a aldeia est\u00e1 inserida em v\u00e1rios programas de promo\u00e7\u00e3o e desenvolvimento: foi-lhe atribu\u00eddo o t\u00edtulo de Aldeia Protegida e esteve englobada em\u00a0v\u00e1rios programas culturais, que envolviam atividades tradicionais de promo\u00e7\u00e3o do estilo de vida rural. Este programa cultural despertou em realizadores um interesse pela aldeia. Ali, o realizador Victor Salvador filmou o document\u00e1rio \u201cN\u00e9voa no Vale\u201d, que estreou em 2008 e que lhe rendeu v\u00e1rios pr\u00e9mios, entre eles, a medalha de ouro no Festival Internacional de v\u00eddeo do Algarve.<\/p>\n<p>Ap\u00f3s este sucesso tamb\u00e9m outros filmes e curtas-metragens contiveram cenas filmadas na aldeia, partindo da iniciativa de outros realizadores.\u00a0Esses filmes serviram para aumentar o interesse das pessoas pela vida rural, os seus prazeres e tamb\u00e9m as suas dificuldades.<\/p>\n<p>A economia da aldeia ganhou tamb\u00e9m mais vertentes, para al\u00e9m das muitas fontes de rendimento e bens, tais como os subs\u00eddios agr\u00edcolas, a venda e troca de cabe\u00e7as de gado, venda de terrenos, pinhais, eucaliptais, venda de corti\u00e7a, etc. Muitos come\u00e7aram a investir em novas \u00e1reas como a apicultura, a cria\u00e7\u00e3o de cavalos e at\u00e9 no aluguer de casas na aldeia a interessados em f\u00e9rias. Decorreu tamb\u00e9m a constru\u00e7\u00e3o do parque de campismo localizado no topo da aldeia e parque de caravanas.<\/p>\n<p>A aldeia contou tamb\u00e9m com obras de restaura\u00e7\u00e3o em casas de habitantes mais idosos, obras realizadas\u00a0gratuitamente por estudantes de arquitetura de Viseu.\u00a0O restaurante foi uma iniciativa resultante da associa\u00e7\u00e3o \u201cOs Amigos de Covas do Monte\u201d, sendo que inicialmente era uma escola prim\u00e1ria, mas devido \u00e0 falta de crian\u00e7as as instala\u00e7\u00f5es foram aproveitadas e transformadas no restaurante.<\/p>\n<p>Covas do Monte conta com a vinda de padeiros, merceeiro e peixeiros que vendem na aldeia alguns v\u00e1rias vezes por semana e outros algumas vezes por m\u00eas.<br \/>\nPara al\u00e9m destes servi\u00e7os, a aldeia p\u00f5e ao dispor os seus melhores recursos naturais.\u00a0Mas, no final de contas, o mais indispens\u00e1vel \u00e0 sobreviv\u00eancia e evolu\u00e7\u00e3o das aldeias portuguesas s\u00e3o as pessoas, pessoas que tiram o melhor proveito do que a aldeia t\u00eam ao seu dispor.<br \/>\nA Drave, apesar de desabitada, \u00e9 hoje um dos grandes pontos de refer\u00eancia para escuteiros e muitas das suas casas e constru\u00e7\u00f5es mais recentes foram reconstru\u00eddas gra\u00e7as aos esfor\u00e7os de equipas de escuteiros que potenciam e apreciam assim as potencialidades desse lugar.<\/p>\n<p><img loading=\"lazy\" class=\"alignnone size-medium wp-image-741\" src=\"http:\/\/www.esev.ipv.pt\/dacomunicacao\/wp-content\/uploads\/2016\/07\/covas3-300x193.jpg\" alt=\"covas3\" width=\"300\" height=\"193\" srcset=\"https:\/\/www1.esev.ipv.pt\/dacomunicacao\/wp-content\/uploads\/2016\/07\/covas3-300x193.jpg 300w, https:\/\/www1.esev.ipv.pt\/dacomunicacao\/wp-content\/uploads\/2016\/07\/covas3.jpg 677w\" sizes=\"(max-width: 300px) 100vw, 300px\" \/><\/p>\n<p>A aldeia da Pena por sua vez \u00e9 alvo de grande interesse gra\u00e7as \u00e0s suas jovens habitantes e ao restaurante.<\/p>\n<p>As aldeias da regi\u00e3o atraem muitos turistas e curiosos que v\u00eam \u00e0 procura quer de apreciar a gastronomia, a fauna e a flora, as pessoas, ou simplesmente a beleza da regi\u00e3o. Hoje e mais do que nunca a zona \u00e9 procurada por pessoas gra\u00e7as ao campismo e aos percursos pedestres, percursos de ve\u00edculos motorizados e percursos de ciclismo.<\/p>\n<p>Covas do Monte conta com visitas regulares de viajantes de todo o pa\u00eds e do estrangeiro, apreciadores do ambiente acolhedor, natural e genu\u00edno da aldeia.<br \/>\nHoje em dia a aldeia tem poucos habitantes mas possui muitos recursos e conta a for\u00e7a de vontade dos seus habitantes. Covas do Monte \u00e9 uma aldeia que pode durar muito tempo.<\/p>\n<p>A realidade da aldeia de Covas do Monte estende-se a muitas outras aldeias no interior do pa\u00eds, aldeias estas nas quais enquanto h\u00e1 habitantes e pessoas interessadas em tudo o que as aldeias t\u00eam para oferecer, a desertifica\u00e7\u00e3o mais dificilmente se tornar\u00e1 uma realidade.<br \/>\nAs aldeias portuguesas t\u00eam muito para oferecer.<\/p>\n<p><strong>Filipa Costa (texto e fotos)<\/strong><\/p>\n","protected":false},"excerpt":{"rendered":"<p>\u201cE isto, quando era eu nova, isto era uma conta, e agora \u00e9 diferente. A juventude era muita\u2026 os rapazes<\/p>\n","protected":false},"author":4,"featured_media":740,"comment_status":"open","ping_status":"open","sticky":false,"template":"","format":"standard","meta":[],"categories":[11],"tags":[300,127,301,271,129],"_links":{"self":[{"href":"https:\/\/www1.esev.ipv.pt\/dacomunicacao\/index.php?rest_route=\/wp\/v2\/posts\/739"}],"collection":[{"href":"https:\/\/www1.esev.ipv.pt\/dacomunicacao\/index.php?rest_route=\/wp\/v2\/posts"}],"about":[{"href":"https:\/\/www1.esev.ipv.pt\/dacomunicacao\/index.php?rest_route=\/wp\/v2\/types\/post"}],"author":[{"embeddable":true,"href":"https:\/\/www1.esev.ipv.pt\/dacomunicacao\/index.php?rest_route=\/wp\/v2\/users\/4"}],"replies":[{"embeddable":true,"href":"https:\/\/www1.esev.ipv.pt\/dacomunicacao\/index.php?rest_route=%2Fwp%2Fv2%2Fcomments&post=739"}],"version-history":[{"count":1,"href":"https:\/\/www1.esev.ipv.pt\/dacomunicacao\/index.php?rest_route=\/wp\/v2\/posts\/739\/revisions"}],"predecessor-version":[{"id":743,"href":"https:\/\/www1.esev.ipv.pt\/dacomunicacao\/index.php?rest_route=\/wp\/v2\/posts\/739\/revisions\/743"}],"wp:featuredmedia":[{"embeddable":true,"href":"https:\/\/www1.esev.ipv.pt\/dacomunicacao\/index.php?rest_route=\/wp\/v2\/media\/740"}],"wp:attachment":[{"href":"https:\/\/www1.esev.ipv.pt\/dacomunicacao\/index.php?rest_route=%2Fwp%2Fv2%2Fmedia&parent=739"}],"wp:term":[{"taxonomy":"category","embeddable":true,"href":"https:\/\/www1.esev.ipv.pt\/dacomunicacao\/index.php?rest_route=%2Fwp%2Fv2%2Fcategories&post=739"},{"taxonomy":"post_tag","embeddable":true,"href":"https:\/\/www1.esev.ipv.pt\/dacomunicacao\/index.php?rest_route=%2Fwp%2Fv2%2Ftags&post=739"}],"curies":[{"name":"wp","href":"https:\/\/api.w.org\/{rel}","templated":true}]}}