{"id":7095,"date":"2019-05-23T13:04:38","date_gmt":"2019-05-23T13:04:38","guid":{"rendered":"http:\/\/www.esev.ipv.pt\/dacomunicacao\/?p=7095"},"modified":"2019-05-23T13:22:57","modified_gmt":"2019-05-23T13:22:57","slug":"rumo-as-eleicoes-europeias-o-que-e-preciso-saber","status":"publish","type":"post","link":"https:\/\/www1.esev.ipv.pt\/dacomunicacao\/?p=7095","title":{"rendered":"Rumo \u00e0s elei\u00e7\u00f5es europeias: o que \u00e9 preciso saber?"},"content":{"rendered":"<p><em><strong>As elei\u00e7\u00f5es europeias de 2019 decorrem este domingo, dia 26 de maio, e t\u00eam como objetivo eleger os 21 deputados portugueses com assento no Parlamento Europeu.<\/strong><\/em><\/p>\n<p><strong>Por Joana Sim\u00f5es e Michaela Costa<\/strong><\/p>\n<p><img loading=\"lazy\" class=\"alignnone size-full wp-image-7096\" src=\"http:\/\/www.esev.ipv.pt\/dacomunicacao\/wp-content\/uploads\/2019\/05\/PIXNIO-1761814-1200x800.jpeg\" alt=\"\" width=\"1200\" height=\"800\" srcset=\"https:\/\/www1.esev.ipv.pt\/dacomunicacao\/wp-content\/uploads\/2019\/05\/PIXNIO-1761814-1200x800.jpeg 1200w, https:\/\/www1.esev.ipv.pt\/dacomunicacao\/wp-content\/uploads\/2019\/05\/PIXNIO-1761814-1200x800-300x200.jpeg 300w, https:\/\/www1.esev.ipv.pt\/dacomunicacao\/wp-content\/uploads\/2019\/05\/PIXNIO-1761814-1200x800-768x512.jpeg 768w, https:\/\/www1.esev.ipv.pt\/dacomunicacao\/wp-content\/uploads\/2019\/05\/PIXNIO-1761814-1200x800-1024x683.jpeg 1024w\" sizes=\"(max-width: 1200px) 100vw, 1200px\" \/><\/p>\n<p><strong>Afinal, o que s\u00e3o as elei\u00e7\u00f5es europeias?<\/strong><\/p>\n<p>O Parlamento Europeu representa os interesses dos cidad\u00e3os da UE, e \u00e9 a \u00fanica institui\u00e7\u00e3o diretamente eleita por estes, representando cerca de 500 milh\u00f5es de europeus. Os seus membros t\u00eam o encargo de controlar e fiscalizar toda a atividade das institui\u00e7\u00f5es comunit\u00e1rias, bem como eleger o presidente da Comiss\u00e3o Europeia. Aprova, tamb\u00e9m, a legisla\u00e7\u00e3o para a prote\u00e7\u00e3o dos cidad\u00e3os e representa-os no estrangeiro, determinando sobre as suas peti\u00e7\u00f5es.<\/p>\n<p>Os deputados eleitos ser\u00e3o respons\u00e1veis, nos pr\u00f3ximos 5 anos, por tomar decis\u00f5es em v\u00e1rias \u00e1reas, nomeadamente a da Sa\u00fade, da Educa\u00e7\u00e3o, da Economia, do Emprego, entre outras.<\/p>\n<p>&nbsp;<\/p>\n<p><strong>Porqu\u00ea votar?<\/strong><\/p>\n<p>Votar nas elei\u00e7\u00f5es europeias \u00e9 essencial pois significa ter uma posi\u00e7\u00e3o de voto relativamente \u00e0 administra\u00e7\u00e3o dos assuntos que afetam a vida dos cidad\u00e3os europeus.<\/p>\n<p>O Parlamento Europeu toma decis\u00f5es relativas, por exemplo, ao desenvolvimento da economia, \u00e0 redu\u00e7\u00e3o do consumo de energia, etc. Ao votar, \u00e9 poss\u00edvel escolher quem toma estas decis\u00f5es e o que elas significam para a constru\u00e7\u00e3o de um mundo melhor. O n\u00e3o votar, significa n\u00e3o poder participar nessas decis\u00f5es.<\/p>\n<p>S\u00e3o v\u00e1rios os desafios que, atualmente, a Europa atravessa. Entre eles se destaca a luta contra o desemprego jovem, a quest\u00e3o das altera\u00e7\u00f5es clim\u00e1ticas, o terrorismo, entre outros. \u00c9 necess\u00e1rio que os eleitos saibam lidar com estas quest\u00f5es que afetam a vida de cada cidad\u00e3o, e contribuir para um futuro melhor.<\/p>\n<p>O exerc\u00edcio do voto constitui a reivindica\u00e7\u00e3o dos direitos e princ\u00edpios democr\u00e1ticos. Assim, a Europa tem de se manter unida de modo a travar o emergir de movimentos de extremistas que se t\u00eam vindo a expandir na Europa. O principal objetivo \u00e9 n\u00e3o voltar a cometer os erros do passado, nomeadamente durante o s\u00e9culo XX, em que existiam na europa governos totalit\u00e1rios e fascistas.<\/p>\n<p>&nbsp;<\/p>\n<p><strong>Como votar?<\/strong><\/p>\n<p>Em Portugal, as elei\u00e7\u00f5es para o Parlamento Europeu ter\u00e3o lugar a 26 de maio de 2019.<\/p>\n<p>Os eleitores em Portugal devem votar na assembleia de voto que corresponda \u00e0 \u00e1rea da sua resid\u00eancia. Os portugueses podem exercer o direito de voto a partir dos 18 anos.<\/p>\n<p>Este ano, os eleitores elegem 21 eurodeputados, o mesmo n\u00famero que nas elei\u00e7\u00f5es europeias de 2014.<\/p>\n<p>&nbsp;<\/p>\n<p>&nbsp;<\/p>\n","protected":false},"excerpt":{"rendered":"<p>As elei\u00e7\u00f5es europeias de 2019 decorrem este domingo, dia 26 de maio, e t\u00eam como objetivo eleger os 21 deputados<\/p>\n","protected":false},"author":4,"featured_media":7097,"comment_status":"open","ping_status":"open","sticky":false,"template":"","format":"standard","meta":[],"categories":[1,12],"tags":[1991,631,338,665],"_links":{"self":[{"href":"https:\/\/www1.esev.ipv.pt\/dacomunicacao\/index.php?rest_route=\/wp\/v2\/posts\/7095"}],"collection":[{"href":"https:\/\/www1.esev.ipv.pt\/dacomunicacao\/index.php?rest_route=\/wp\/v2\/posts"}],"about":[{"href":"https:\/\/www1.esev.ipv.pt\/dacomunicacao\/index.php?rest_route=\/wp\/v2\/types\/post"}],"author":[{"embeddable":true,"href":"https:\/\/www1.esev.ipv.pt\/dacomunicacao\/index.php?rest_route=\/wp\/v2\/users\/4"}],"replies":[{"embeddable":true,"href":"https:\/\/www1.esev.ipv.pt\/dacomunicacao\/index.php?rest_route=%2Fwp%2Fv2%2Fcomments&post=7095"}],"version-history":[{"count":1,"href":"https:\/\/www1.esev.ipv.pt\/dacomunicacao\/index.php?rest_route=\/wp\/v2\/posts\/7095\/revisions"}],"predecessor-version":[{"id":7098,"href":"https:\/\/www1.esev.ipv.pt\/dacomunicacao\/index.php?rest_route=\/wp\/v2\/posts\/7095\/revisions\/7098"}],"wp:featuredmedia":[{"embeddable":true,"href":"https:\/\/www1.esev.ipv.pt\/dacomunicacao\/index.php?rest_route=\/wp\/v2\/media\/7097"}],"wp:attachment":[{"href":"https:\/\/www1.esev.ipv.pt\/dacomunicacao\/index.php?rest_route=%2Fwp%2Fv2%2Fmedia&parent=7095"}],"wp:term":[{"taxonomy":"category","embeddable":true,"href":"https:\/\/www1.esev.ipv.pt\/dacomunicacao\/index.php?rest_route=%2Fwp%2Fv2%2Fcategories&post=7095"},{"taxonomy":"post_tag","embeddable":true,"href":"https:\/\/www1.esev.ipv.pt\/dacomunicacao\/index.php?rest_route=%2Fwp%2Fv2%2Ftags&post=7095"}],"curies":[{"name":"wp","href":"https:\/\/api.w.org\/{rel}","templated":true}]}}