{"id":6942,"date":"2019-05-13T09:01:17","date_gmt":"2019-05-13T09:01:17","guid":{"rendered":"http:\/\/www.esev.ipv.pt\/dacomunicacao\/?p=6942"},"modified":"2019-05-13T09:01:17","modified_gmt":"2019-05-13T09:01:17","slug":"tons-da-primavera-encheu-de-cor-a-cidade-de-viseu","status":"publish","type":"post","link":"https:\/\/www1.esev.ipv.pt\/dacomunicacao\/?p=6942","title":{"rendered":"\u201cTons da Primavera\u201d encheu de cor a cidade de Viseu"},"content":{"rendered":"<p><strong><em>Viseu foi o palco da quinta edi\u00e7\u00e3o do festival de street art \u201cTons da Primavera\u201d, que teve in\u00edcio no passado dia 9 de maio e terminou ontem, dia 12 de maio. Concertos, oficinas, artesanato regional, e prova de vinhos,\u00a0foram algumas das atividades que decorreram no Mercado 2 de Maio.\u00a0<\/em><\/strong><\/p>\n<p><strong>Por Joana Sim\u00f5es<\/strong><\/p>\n<p>O concelho de Viseu conta j\u00e1 com 45 interven\u00e7\u00f5es art\u00edsticas realizadas em anos anteriores, \u00e0s quais se juntam, este ano, mais 15 obras. A street art (arte de rua) em Viseu, tem como objetivo demonstrar o trabalho de artistas vindos de todo o mundo, incluindo portugueses residentes na cidade. A t\u00e9cnica de graffiti \u00e9 um dos meios mais utilizados pelos artistas para espalhar a arte pelas ruas, mas existe, ainda, uma exposi\u00e7\u00e3o de fotografia inspirada na gastronomia e nos produtos locais.<\/p>\n<figure id=\"attachment_6943\" aria-describedby=\"caption-attachment-6943\" style=\"width: 885px\" class=\"wp-caption alignnone\"><img loading=\"lazy\" class=\"wp-image-6943 size-full\" src=\"http:\/\/www.esev.ipv.pt\/dacomunicacao\/wp-content\/uploads\/2019\/05\/tons.png\" alt=\"\" width=\"885\" height=\"843\" srcset=\"https:\/\/www1.esev.ipv.pt\/dacomunicacao\/wp-content\/uploads\/2019\/05\/tons.png 885w, https:\/\/www1.esev.ipv.pt\/dacomunicacao\/wp-content\/uploads\/2019\/05\/tons-300x286.png 300w, https:\/\/www1.esev.ipv.pt\/dacomunicacao\/wp-content\/uploads\/2019\/05\/tons-768x732.png 768w\" sizes=\"(max-width: 885px) 100vw, 885px\" \/><figcaption id=\"caption-attachment-6943\" class=\"wp-caption-text\">Uma das cria\u00e7\u00f5es de arte urbana na cidade de Viseu.<\/figcaption><\/figure>\n<p>&nbsp;<\/p>\n<p>O primeiro dia do festival ficou marcado pelo concerto de B Fachada, na Igreja da Miseric\u00f3rdia. Devido \u00e0s previs\u00f5es de chuva, a inaugura\u00e7\u00e3o do festival ocorreu apenas no segundo dia (9), com a presen\u00e7a de Almeida Henriques, presidente da C\u00e2mara Municipal de Viseu. O autarca real\u00e7ou que \u00e9 \u201cimportante a aposta na cultura e na produ\u00e7\u00e3o de eventos que por um lado nos permite (popula\u00e7\u00e3o de Viseu) envolver como comunidade, e ao mesmo tempo nos permite ser uma comunidade atrativa\u201d. Elogiou ainda o facto de que eventos como o Tons da Primavera \u201cacabam por ter o efeito de multiplicar, fixar compet\u00eancias e promover o desenvolvimento econ\u00f3mico nas diferentes vertentes\u201d.<\/p>\n<figure id=\"attachment_6944\" aria-describedby=\"caption-attachment-6944\" style=\"width: 835px\" class=\"wp-caption alignnone\"><img loading=\"lazy\" class=\"wp-image-6944 size-full\" src=\"http:\/\/www.esev.ipv.pt\/dacomunicacao\/wp-content\/uploads\/2019\/05\/tons1.png\" alt=\"\" width=\"835\" height=\"650\" srcset=\"https:\/\/www1.esev.ipv.pt\/dacomunicacao\/wp-content\/uploads\/2019\/05\/tons1.png 835w, https:\/\/www1.esev.ipv.pt\/dacomunicacao\/wp-content\/uploads\/2019\/05\/tons1-300x234.png 300w, https:\/\/www1.esev.ipv.pt\/dacomunicacao\/wp-content\/uploads\/2019\/05\/tons1-768x598.png 768w\" sizes=\"(max-width: 835px) 100vw, 835px\" \/><figcaption id=\"caption-attachment-6944\" class=\"wp-caption-text\">Abertura do festival, no Mercado 2 de Maio.<\/figcaption><\/figure>\n<p>&nbsp;<\/p>\n<p>Ainda no segundo dia, ocorreu a sess\u00e3o de desenho criativo \u201cDrink &amp; Draw\u201d, e a oficina \u201cGrafiti? Cria\u00e7\u00e3o de gravura em tetrapack\u201d, organizada pelo Centropontoarte. Os mais novos tamb\u00e9m tiveram a oportunidade de participar na oficina de \u201cSlime\u201d. Mais tarde, os Capit\u00e3o Fausto animaram a noite com um concerto que teve lugar na Fonte das 3 Bicas, seguidos do duo Galo Cant\u2019\u00c0s Duas.<\/p>\n","protected":false},"excerpt":{"rendered":"<p>Viseu foi o palco da quinta edi\u00e7\u00e3o do festival de street art \u201cTons da Primavera\u201d, que teve in\u00edcio no passado<\/p>\n","protected":false},"author":4,"featured_media":6945,"comment_status":"open","ping_status":"open","sticky":false,"template":"","format":"standard","meta":[],"categories":[15,462],"tags":[232,231,76],"_links":{"self":[{"href":"https:\/\/www1.esev.ipv.pt\/dacomunicacao\/index.php?rest_route=\/wp\/v2\/posts\/6942"}],"collection":[{"href":"https:\/\/www1.esev.ipv.pt\/dacomunicacao\/index.php?rest_route=\/wp\/v2\/posts"}],"about":[{"href":"https:\/\/www1.esev.ipv.pt\/dacomunicacao\/index.php?rest_route=\/wp\/v2\/types\/post"}],"author":[{"embeddable":true,"href":"https:\/\/www1.esev.ipv.pt\/dacomunicacao\/index.php?rest_route=\/wp\/v2\/users\/4"}],"replies":[{"embeddable":true,"href":"https:\/\/www1.esev.ipv.pt\/dacomunicacao\/index.php?rest_route=%2Fwp%2Fv2%2Fcomments&post=6942"}],"version-history":[{"count":2,"href":"https:\/\/www1.esev.ipv.pt\/dacomunicacao\/index.php?rest_route=\/wp\/v2\/posts\/6942\/revisions"}],"predecessor-version":[{"id":6947,"href":"https:\/\/www1.esev.ipv.pt\/dacomunicacao\/index.php?rest_route=\/wp\/v2\/posts\/6942\/revisions\/6947"}],"wp:featuredmedia":[{"embeddable":true,"href":"https:\/\/www1.esev.ipv.pt\/dacomunicacao\/index.php?rest_route=\/wp\/v2\/media\/6945"}],"wp:attachment":[{"href":"https:\/\/www1.esev.ipv.pt\/dacomunicacao\/index.php?rest_route=%2Fwp%2Fv2%2Fmedia&parent=6942"}],"wp:term":[{"taxonomy":"category","embeddable":true,"href":"https:\/\/www1.esev.ipv.pt\/dacomunicacao\/index.php?rest_route=%2Fwp%2Fv2%2Fcategories&post=6942"},{"taxonomy":"post_tag","embeddable":true,"href":"https:\/\/www1.esev.ipv.pt\/dacomunicacao\/index.php?rest_route=%2Fwp%2Fv2%2Ftags&post=6942"}],"curies":[{"name":"wp","href":"https:\/\/api.w.org\/{rel}","templated":true}]}}