{"id":6706,"date":"2019-04-29T10:00:55","date_gmt":"2019-04-29T10:00:55","guid":{"rendered":"http:\/\/www.esev.ipv.pt\/dacomunicacao\/?p=6706"},"modified":"2019-04-26T15:08:05","modified_gmt":"2019-04-26T15:08:05","slug":"docaria-de-vouzela-segue-em-frente-na-eleicao-das-7-maravilhas-doces-de-portugal","status":"publish","type":"post","link":"https:\/\/www1.esev.ipv.pt\/dacomunicacao\/?p=6706","title":{"rendered":"Do\u00e7aria de Vouzela segue em frente na elei\u00e7\u00e3o das 7 Maravilhas Doces de Portugal"},"content":{"rendered":"<p align=\"JUSTIFY\"><em><strong>Das 907 candidaturas \u00e0s 7 Maravilhas Doces de Portugal\u00ae j\u00e1 foram apurados e divulgados os 420 candidatos.\u00a0Do concelho de Vouzela, seguem para a pr\u00f3xima fase o Pastel de Vouzela, o Folar de Vouzela e os Alforges de S\u00e3o Frei Gil. Dos 21 doces a nomear por distrito, Vouzela v\u00ea seleccionados 3 dos 4 que candidatou.<\/strong><\/em><\/p>\n<p align=\"JUSTIFY\">Na pr\u00f3xima fase, o Painel de Especialistas vai reduzir a 7 os doces seleccionados por distrito ou regi\u00e3o aut\u00f3noma, chegando \u00e0 lista final de 140 doces que avan\u00e7am para vota\u00e7\u00e3o do p\u00fablico. Este Painel de Especialistas \u00e9 constitu\u00eddo por 140 personalidades, 7 de cada distrito e regi\u00f5es aut\u00f3nomas.<\/p>\n<p align=\"JUSTIFY\">Recorde-se que a organiza\u00e7\u00e3o recebeu 907 candidaturas, num envolvimento sem precedentes de todo o pa\u00eds.<\/p>\n","protected":false},"excerpt":{"rendered":"<p>Das 907 candidaturas \u00e0s 7 Maravilhas Doces de Portugal\u00ae j\u00e1 foram apurados e divulgados os 420 candidatos.\u00a0Do concelho de Vouzela,<\/p>\n","protected":false},"author":4,"featured_media":6707,"comment_status":"open","ping_status":"open","sticky":false,"template":"","format":"standard","meta":[],"categories":[462],"tags":[872,2123],"_links":{"self":[{"href":"https:\/\/www1.esev.ipv.pt\/dacomunicacao\/index.php?rest_route=\/wp\/v2\/posts\/6706"}],"collection":[{"href":"https:\/\/www1.esev.ipv.pt\/dacomunicacao\/index.php?rest_route=\/wp\/v2\/posts"}],"about":[{"href":"https:\/\/www1.esev.ipv.pt\/dacomunicacao\/index.php?rest_route=\/wp\/v2\/types\/post"}],"author":[{"embeddable":true,"href":"https:\/\/www1.esev.ipv.pt\/dacomunicacao\/index.php?rest_route=\/wp\/v2\/users\/4"}],"replies":[{"embeddable":true,"href":"https:\/\/www1.esev.ipv.pt\/dacomunicacao\/index.php?rest_route=%2Fwp%2Fv2%2Fcomments&post=6706"}],"version-history":[{"count":1,"href":"https:\/\/www1.esev.ipv.pt\/dacomunicacao\/index.php?rest_route=\/wp\/v2\/posts\/6706\/revisions"}],"predecessor-version":[{"id":6708,"href":"https:\/\/www1.esev.ipv.pt\/dacomunicacao\/index.php?rest_route=\/wp\/v2\/posts\/6706\/revisions\/6708"}],"wp:featuredmedia":[{"embeddable":true,"href":"https:\/\/www1.esev.ipv.pt\/dacomunicacao\/index.php?rest_route=\/wp\/v2\/media\/6707"}],"wp:attachment":[{"href":"https:\/\/www1.esev.ipv.pt\/dacomunicacao\/index.php?rest_route=%2Fwp%2Fv2%2Fmedia&parent=6706"}],"wp:term":[{"taxonomy":"category","embeddable":true,"href":"https:\/\/www1.esev.ipv.pt\/dacomunicacao\/index.php?rest_route=%2Fwp%2Fv2%2Fcategories&post=6706"},{"taxonomy":"post_tag","embeddable":true,"href":"https:\/\/www1.esev.ipv.pt\/dacomunicacao\/index.php?rest_route=%2Fwp%2Fv2%2Ftags&post=6706"}],"curies":[{"name":"wp","href":"https:\/\/api.w.org\/{rel}","templated":true}]}}