{"id":6430,"date":"2019-03-28T10:01:31","date_gmt":"2019-03-28T10:01:31","guid":{"rendered":"http:\/\/www.esev.ipv.pt\/dacomunicacao\/?p=6430"},"modified":"2019-03-27T19:21:45","modified_gmt":"2019-03-27T19:21:45","slug":"mobilidade-responsavel-em-debate-na-escola-superior-de-tecnologia-e-gestao","status":"publish","type":"post","link":"https:\/\/www1.esev.ipv.pt\/dacomunicacao\/?p=6430","title":{"rendered":"Mobilidade respons\u00e1vel em debate na Escola Superior de Tecnologia e Gest\u00e3o"},"content":{"rendered":"<p align=\"justify\"><em><strong>O Departamento de Ambiente da Escola Superior de Tecnologia e Gest\u00e3o (ESTGV) do Instituto Polit\u00e9cnico de Viseu (IPV) promove uma s\u00e9rie de confer\u00eancias subordinadas ao tema \u201cMobilidade Respons\u00e1vel, o Homem e o Ambiente\u201d.<\/strong> <\/em><\/p>\n<p align=\"justify\">Nas v\u00e1rias confer\u00eancias, oradores de diferentes proveni\u00eancias, com conhecimentos e opini\u00f5es distintas, proporcionar\u00e3o aos interessados uma vis\u00e3o abrangente e integrada deste assunto, de vital import\u00e2ncia para o futuro da Humanidade e do Planeta. Dado que, nesta mat\u00e9ria, em contexto de sustentabilidade, nenhuma solu\u00e7\u00e3o pode ser considerada incontest\u00e1vel assim como, por outro lado, nenhuma solu\u00e7\u00e3o pode ser liminarmente exclu\u00edda, ser\u00e3o discutidas, de forma t\u00e9cnica e cientificamente fundamentada, v\u00e1rias estrat\u00e9gias e op\u00e7\u00f5es tecnol\u00f3gicas, seus efeitos, benef\u00edcios e limita\u00e7\u00f5es.<\/p>\n<p align=\"justify\">A primeira confer\u00eancia realiza-se no dia 3 de abril, no Audit\u00f3rio da ESTGV, pelas 14h30, participando na Sess\u00e3o de Abertura, o secret\u00e1rio de Estado Adjunto e da Mobilidade, o presidente do Instituto Polit\u00e9cnico de Viseu, o presidente da C\u00e2mara Municipal de Viseu, o presidente da Escola Superior de Tecnologia e Gest\u00e3o de Viseu e a directora do Departamento de Ambiente da ESTGV.<\/p>\n<p align=\"justify\">Seguem-se as seguintes interven\u00e7\u00f5es: \u201cMobilidade sustent\u00e1vel: a estrat\u00e9gia mais inteligente!\u201d, por Lu\u00eds Teixeira de Lemos, professor coordenador do Departamento de Ambiente da ESTGV; \u201cMUV \u2013 Mobilidade Urbana de Viseu \u2013 Um fator de Competitividade\u201d, por Jo\u00e3o Paulo Gouveia, vereador da C\u00e2mara Municipal de Viseu; e \u201cTend\u00eancias da mobilidade urbana e partilhada\u201d, por Jorge Santiago, CEO da \u00d3rbita &#8211; Bicicletas Portuguesas. Um espa\u00e7o de debate encerra os trabalhos.<\/p>\n<p align=\"justify\">As confer\u00eancias s\u00e3o de entrada livre.<\/p>\n","protected":false},"excerpt":{"rendered":"<p>O Departamento de Ambiente da Escola Superior de Tecnologia e Gest\u00e3o (ESTGV) do Instituto Polit\u00e9cnico de Viseu (IPV) promove uma<\/p>\n","protected":false},"author":4,"featured_media":6431,"comment_status":"open","ping_status":"open","sticky":false,"template":"","format":"standard","meta":[],"categories":[11],"tags":[189,188,703,76],"_links":{"self":[{"href":"https:\/\/www1.esev.ipv.pt\/dacomunicacao\/index.php?rest_route=\/wp\/v2\/posts\/6430"}],"collection":[{"href":"https:\/\/www1.esev.ipv.pt\/dacomunicacao\/index.php?rest_route=\/wp\/v2\/posts"}],"about":[{"href":"https:\/\/www1.esev.ipv.pt\/dacomunicacao\/index.php?rest_route=\/wp\/v2\/types\/post"}],"author":[{"embeddable":true,"href":"https:\/\/www1.esev.ipv.pt\/dacomunicacao\/index.php?rest_route=\/wp\/v2\/users\/4"}],"replies":[{"embeddable":true,"href":"https:\/\/www1.esev.ipv.pt\/dacomunicacao\/index.php?rest_route=%2Fwp%2Fv2%2Fcomments&post=6430"}],"version-history":[{"count":1,"href":"https:\/\/www1.esev.ipv.pt\/dacomunicacao\/index.php?rest_route=\/wp\/v2\/posts\/6430\/revisions"}],"predecessor-version":[{"id":6432,"href":"https:\/\/www1.esev.ipv.pt\/dacomunicacao\/index.php?rest_route=\/wp\/v2\/posts\/6430\/revisions\/6432"}],"wp:featuredmedia":[{"embeddable":true,"href":"https:\/\/www1.esev.ipv.pt\/dacomunicacao\/index.php?rest_route=\/wp\/v2\/media\/6431"}],"wp:attachment":[{"href":"https:\/\/www1.esev.ipv.pt\/dacomunicacao\/index.php?rest_route=%2Fwp%2Fv2%2Fmedia&parent=6430"}],"wp:term":[{"taxonomy":"category","embeddable":true,"href":"https:\/\/www1.esev.ipv.pt\/dacomunicacao\/index.php?rest_route=%2Fwp%2Fv2%2Fcategories&post=6430"},{"taxonomy":"post_tag","embeddable":true,"href":"https:\/\/www1.esev.ipv.pt\/dacomunicacao\/index.php?rest_route=%2Fwp%2Fv2%2Ftags&post=6430"}],"curies":[{"name":"wp","href":"https:\/\/api.w.org\/{rel}","templated":true}]}}