{"id":6391,"date":"2019-03-22T11:09:57","date_gmt":"2019-03-22T11:09:57","guid":{"rendered":"http:\/\/www.esev.ipv.pt\/dacomunicacao\/?p=6391"},"modified":"2019-03-26T18:00:05","modified_gmt":"2019-03-26T18:00:05","slug":"movimento-quer-organizar-segunda-marcha-feminista-em-viseu","status":"publish","type":"post","link":"https:\/\/www1.esev.ipv.pt\/dacomunicacao\/?p=6391","title":{"rendered":"Movimento quer organizar segunda marcha feminista em Viseu"},"content":{"rendered":"<p><em><strong>No passado dia 8 de mar\u00e7o, a cidade de Viseu assistiu a uma concentra\u00e7\u00e3o feminista em homenagem \u00e0s v\u00edtimas de viol\u00eancia dom\u00e9stica. A marcha movimentou pessoas de todo o distrito que pretendiam espalhar a mensagem feminista e promover a reflex\u00e3o em torno do papel da mulher no s\u00e9culo XXI.<\/strong><\/em><\/p>\n<p>A plataforma \u201cJ\u00e1 Marchavas\u201d esteve por tr\u00e1s da organiza\u00e7\u00e3o da concentra\u00e7\u00e3o. Este projeto \u00e9 um movimento que luta pelos direitos humanos, ambientais e dos animais. Conhecida por ser uma iniciativa Feminista, LGBTI+, Ecologista, Ambientalista, Antifascista, Democr\u00e1tica, Inclusiva e Participativa, a plataforma pretende abrir mentalidades e tornar a cidade de Viseu um local melhor para se viver, em que a aceita\u00e7\u00e3o prevalece.<\/p>\n<p>Est\u00e1 a decorrer uma peti\u00e7\u00e3o p\u00fablica para a realiza\u00e7\u00e3o da 2.\u00aa marcha feminista, que neste momento conta com 947 assinaturas. No dia 20 de mar\u00e7o decorreu uma reuni\u00e3o aberta da plataforma \u201cJ\u00e1 Marchavas\u201d, no Carmo\u201981. Entre os assuntos\u00a0na ordem do dia, foi debatida\u00a0a organiza\u00e7\u00e3o de uma segunda marcha pelos direitos LGBTI+ e outras atividades futuras.<\/p>\n<p>Joana Fernandes, de 20 anos, conhece o movimento e participou na marcha de 7 de outubro como apoiante da comunidade LGBTI+. Considera que \u201cs\u00e3o movimentos importantes, especialmente numa sociedade pequena com pessoas conservadoras, \u00e9 um abre olhos\u201d.<\/p>\n<p>Patr\u00edcia Carmo, de 23 anos, concorda com os movimentos feministas, mas considera que \u201cse lutamos tanto pela igualdade, n\u00e3o devia ser um movimento direcionado apenas para as mulheres\u201d. \u00a0Na sua opini\u00e3o, \u201co mundo acabaria sem as mulheres, somos uma mais valia&#8221;, mas nota, ainda assim, que &#8220;somos todos uma mais valia, tanto homens como mulheres\u201d.<\/p>\n<p>Por sua vez, Carlos Lopes, de 19 anos, afirma que alguns dos movimentos s\u00e3o extremistas, mas, de forma geral, diz ser a favor do feminismo. \u201cEstes movimentos n\u00e3o prejudicam nada, ou se prejudicam algu\u00e9m s\u00e3o as v\u00edtimas por estarem mais expostas e isso leva os agressores a terem uma rea\u00e7\u00e3o pior\u201d.<\/p>\n<p>&nbsp;<\/p>\n<p>&nbsp;<\/p>\n<p><strong>Texto: Filipa Jesus, Jorge Afonso, Sofia Martins<\/strong><\/p>\n","protected":false},"excerpt":{"rendered":"<p>No passado dia 8 de mar\u00e7o, a cidade de Viseu assistiu a uma concentra\u00e7\u00e3o feminista em homenagem \u00e0s v\u00edtimas de<\/p>\n","protected":false},"author":4,"featured_media":6392,"comment_status":"open","ping_status":"open","sticky":false,"template":"","format":"standard","meta":[],"categories":[462],"tags":[578,2029,2030],"_links":{"self":[{"href":"https:\/\/www1.esev.ipv.pt\/dacomunicacao\/index.php?rest_route=\/wp\/v2\/posts\/6391"}],"collection":[{"href":"https:\/\/www1.esev.ipv.pt\/dacomunicacao\/index.php?rest_route=\/wp\/v2\/posts"}],"about":[{"href":"https:\/\/www1.esev.ipv.pt\/dacomunicacao\/index.php?rest_route=\/wp\/v2\/types\/post"}],"author":[{"embeddable":true,"href":"https:\/\/www1.esev.ipv.pt\/dacomunicacao\/index.php?rest_route=\/wp\/v2\/users\/4"}],"replies":[{"embeddable":true,"href":"https:\/\/www1.esev.ipv.pt\/dacomunicacao\/index.php?rest_route=%2Fwp%2Fv2%2Fcomments&post=6391"}],"version-history":[{"count":2,"href":"https:\/\/www1.esev.ipv.pt\/dacomunicacao\/index.php?rest_route=\/wp\/v2\/posts\/6391\/revisions"}],"predecessor-version":[{"id":6458,"href":"https:\/\/www1.esev.ipv.pt\/dacomunicacao\/index.php?rest_route=\/wp\/v2\/posts\/6391\/revisions\/6458"}],"wp:featuredmedia":[{"embeddable":true,"href":"https:\/\/www1.esev.ipv.pt\/dacomunicacao\/index.php?rest_route=\/wp\/v2\/media\/6392"}],"wp:attachment":[{"href":"https:\/\/www1.esev.ipv.pt\/dacomunicacao\/index.php?rest_route=%2Fwp%2Fv2%2Fmedia&parent=6391"}],"wp:term":[{"taxonomy":"category","embeddable":true,"href":"https:\/\/www1.esev.ipv.pt\/dacomunicacao\/index.php?rest_route=%2Fwp%2Fv2%2Fcategories&post=6391"},{"taxonomy":"post_tag","embeddable":true,"href":"https:\/\/www1.esev.ipv.pt\/dacomunicacao\/index.php?rest_route=%2Fwp%2Fv2%2Ftags&post=6391"}],"curies":[{"name":"wp","href":"https:\/\/api.w.org\/{rel}","templated":true}]}}