{"id":6204,"date":"2019-03-11T14:01:24","date_gmt":"2019-03-11T14:01:24","guid":{"rendered":"http:\/\/www.esev.ipv.pt\/dacomunicacao\/?p=6204"},"modified":"2019-03-11T12:12:30","modified_gmt":"2019-03-11T12:12:30","slug":"bombos-parentes-de-teivas-marcam-presenca-no-carnaval-de-negrelos","status":"publish","type":"post","link":"https:\/\/www1.esev.ipv.pt\/dacomunicacao\/?p=6204","title":{"rendered":"Bombos \u201cParentes de Teivas\u201d marcam presen\u00e7a no Carnaval de Negrelos"},"content":{"rendered":"<p><em><strong>Realizou-se\u00a0na passada ter\u00e7a-feira, 5 de mar\u00e7o, o 39\u00ba desfile de Carnaval de Negrelos em S\u00e3o Pedro do Sul.<\/strong> <\/em><\/p>\n<p><img loading=\"lazy\" class=\"alignnone size-full wp-image-6207\" src=\"http:\/\/www.esev.ipv.pt\/dacomunicacao\/wp-content\/uploads\/2019\/03\/negrelos1.png\" alt=\"\" width=\"683\" height=\"514\" srcset=\"https:\/\/www1.esev.ipv.pt\/dacomunicacao\/wp-content\/uploads\/2019\/03\/negrelos1.png 683w, https:\/\/www1.esev.ipv.pt\/dacomunicacao\/wp-content\/uploads\/2019\/03\/negrelos1-300x226.png 300w\" sizes=\"(max-width: 683px) 100vw, 683px\" \/><\/p>\n<p>\u00c0 semelhan\u00e7a do que tem acontecido nos \u00faltimos anos, as condi\u00e7\u00f5es meteorol\u00f3gicas pelas terras do padroeiro do tempo n\u00e3o foram as melhores. Mas n\u00e3o foi a chuva que impediu que a folia sa\u00edsse \u00e0s ruas de S. Pedro do Sul.<\/p>\n<p>No desfile, que come\u00e7ou em Negrelos, estiveram presentes grupos de bombos como o Grupo de Bombos e Tarolas de Negrelos e os Z\u00e9s Pereiras \u201cParentes de Teivas\u201d, muito conhecidos na cidade de Viseu. A Fanfarra dos Bombeiros de Oliveira do Hospital abriu o cortejo.<\/p>\n<p>Entre os 10 carros aleg\u00f3ricos, em que os temas foram desde uma men\u00e7\u00e3o \u00e0 greve de enfermeiros, a uma refer\u00eancia ao programa da SIC \u201cCarro do Amor\u201d, a figura ic\u00f3nica da Disney, a \u201cMinnie\u201d tamb\u00e9m teve lugar para brilhar.<\/p>\n<p><img loading=\"lazy\" class=\"alignnone wp-image-6213\" src=\"http:\/\/www.esev.ipv.pt\/dacomunicacao\/wp-content\/uploads\/2019\/03\/negrelos7.png\" alt=\"\" width=\"420\" height=\"560\" srcset=\"https:\/\/www1.esev.ipv.pt\/dacomunicacao\/wp-content\/uploads\/2019\/03\/negrelos7.png 658w, https:\/\/www1.esev.ipv.pt\/dacomunicacao\/wp-content\/uploads\/2019\/03\/negrelos7-225x300.png 225w\" sizes=\"(max-width: 420px) 100vw, 420px\" \/> <img loading=\"lazy\" class=\"alignnone wp-image-6209\" src=\"http:\/\/www.esev.ipv.pt\/dacomunicacao\/wp-content\/uploads\/2019\/03\/negrelos3.png\" alt=\"\" width=\"460\" height=\"557\" srcset=\"https:\/\/www1.esev.ipv.pt\/dacomunicacao\/wp-content\/uploads\/2019\/03\/negrelos3.png 531w, https:\/\/www1.esev.ipv.pt\/dacomunicacao\/wp-content\/uploads\/2019\/03\/negrelos3-248x300.png 248w\" sizes=\"(max-width: 460px) 100vw, 460px\" \/><\/p>\n<p>Para al\u00e9m dos grupos de bombos e carros festivos, fizeram ainda parte do desfile gigantones e cidad\u00e3os que se quiseram juntar e fortalecer esta tradi\u00e7\u00e3o.<\/p>\n<p><img loading=\"lazy\" class=\"alignnone size-full wp-image-6211\" src=\"http:\/\/www.esev.ipv.pt\/dacomunicacao\/wp-content\/uploads\/2019\/03\/negrelos5.png\" alt=\"\" width=\"470\" height=\"627\" srcset=\"https:\/\/www1.esev.ipv.pt\/dacomunicacao\/wp-content\/uploads\/2019\/03\/negrelos5.png 470w, https:\/\/www1.esev.ipv.pt\/dacomunicacao\/wp-content\/uploads\/2019\/03\/negrelos5-225x300.png 225w\" sizes=\"(max-width: 470px) 100vw, 470px\" \/><\/p>\n<p>O desfile, que se realiza desde 1980, surgiu pela primeira vez por iniciativa de um grupo de moradores de Negrelos \u2013 localidade da freguesia de S. Pedro do Sul, \u00e9 atualmente organizado pela Associa\u00e7\u00e3o Cultural e Recreativa de Negrelos (ACRN). Apesar das dificuldades, continua a realizar o cortejo carnavalesco, n\u00e3o s\u00f3 para animar os sampedrenses, mas para honrar os fundadores deste desfile que j\u00e1 n\u00e3o est\u00e3o entre a popula\u00e7\u00e3o.<\/p>\n<p>&nbsp;<\/p>\n<p><strong>Texto e imagens: Anita Almeida<\/strong><\/p>\n","protected":false},"excerpt":{"rendered":"<p>Realizou-se\u00a0na passada ter\u00e7a-feira, 5 de mar\u00e7o, o 39\u00ba desfile de Carnaval de Negrelos em S\u00e3o Pedro do Sul. \u00c0 semelhan\u00e7a<\/p>\n","protected":false},"author":4,"featured_media":6215,"comment_status":"open","ping_status":"open","sticky":false,"template":"","format":"standard","meta":[],"categories":[15,462],"tags":[322,1975,129],"_links":{"self":[{"href":"https:\/\/www1.esev.ipv.pt\/dacomunicacao\/index.php?rest_route=\/wp\/v2\/posts\/6204"}],"collection":[{"href":"https:\/\/www1.esev.ipv.pt\/dacomunicacao\/index.php?rest_route=\/wp\/v2\/posts"}],"about":[{"href":"https:\/\/www1.esev.ipv.pt\/dacomunicacao\/index.php?rest_route=\/wp\/v2\/types\/post"}],"author":[{"embeddable":true,"href":"https:\/\/www1.esev.ipv.pt\/dacomunicacao\/index.php?rest_route=\/wp\/v2\/users\/4"}],"replies":[{"embeddable":true,"href":"https:\/\/www1.esev.ipv.pt\/dacomunicacao\/index.php?rest_route=%2Fwp%2Fv2%2Fcomments&post=6204"}],"version-history":[{"count":2,"href":"https:\/\/www1.esev.ipv.pt\/dacomunicacao\/index.php?rest_route=\/wp\/v2\/posts\/6204\/revisions"}],"predecessor-version":[{"id":6217,"href":"https:\/\/www1.esev.ipv.pt\/dacomunicacao\/index.php?rest_route=\/wp\/v2\/posts\/6204\/revisions\/6217"}],"wp:featuredmedia":[{"embeddable":true,"href":"https:\/\/www1.esev.ipv.pt\/dacomunicacao\/index.php?rest_route=\/wp\/v2\/media\/6215"}],"wp:attachment":[{"href":"https:\/\/www1.esev.ipv.pt\/dacomunicacao\/index.php?rest_route=%2Fwp%2Fv2%2Fmedia&parent=6204"}],"wp:term":[{"taxonomy":"category","embeddable":true,"href":"https:\/\/www1.esev.ipv.pt\/dacomunicacao\/index.php?rest_route=%2Fwp%2Fv2%2Fcategories&post=6204"},{"taxonomy":"post_tag","embeddable":true,"href":"https:\/\/www1.esev.ipv.pt\/dacomunicacao\/index.php?rest_route=%2Fwp%2Fv2%2Ftags&post=6204"}],"curies":[{"name":"wp","href":"https:\/\/api.w.org\/{rel}","templated":true}]}}