{"id":6083,"date":"2019-03-06T14:00:02","date_gmt":"2019-03-06T14:00:02","guid":{"rendered":"http:\/\/www.esev.ipv.pt\/dacomunicacao\/?p=6083"},"modified":"2019-03-06T11:18:41","modified_gmt":"2019-03-06T11:18:41","slug":"laboratorio-da-din-pela-primeira-vez-na-alimentaria-horexpo-lisboa","status":"publish","type":"post","link":"https:\/\/www1.esev.ipv.pt\/dacomunicacao\/?p=6083","title":{"rendered":"Laborat\u00f3rio da DIN pela primeira  vez na Alimentaria &#038; Horexpo Lisboa"},"content":{"rendered":"<div><strong><em>Nos dias 24, 25 e 26 de mar\u00e7o, o laborat\u00f3rio da DIN \u2013 Desenvolvimento e Inova\u00e7\u00e3o Nutricional, SA, com sede em Santa Comba D\u00e3o, vai marcar presen\u00e7a, pela primeira vez, na maior feira de neg\u00f3cios para os setores da alimenta\u00e7\u00e3o, distribui\u00e7\u00e3o e hotelaria de Portugal \u2013 a Alimentaria &amp; Horexpo Lisboa 2019. <\/em><\/strong><\/div>\n<div><\/div>\n<div>O evento vai decorrer na FIL e \u00e9 dirigido a profissionais, trazendo temas atuais e novas abordagens aos desafios das empresas da alimenta\u00e7\u00e3o, da restaura\u00e7\u00e3o, da hotelaria e da ind\u00fastria alimentar. O Laborat\u00f3rio de Investiga\u00e7\u00e3o e Desenvolvimento (LID) da DIN ficar\u00e1 instalado no pavilh\u00e3o Tecnoalimentaria e, ao longo dos tr\u00eas dias, vai dar a conhecer os servi\u00e7os que disponibiliza no \u00e2mbito da alimenta\u00e7\u00e3o humana e realizar experi\u00eancias laboratoriais in loco.<\/div>\n<div><\/div>\n<div>Para isso, ser\u00e1 utilizado o NIR infrared, uma t\u00e9cnica que permite fazer an\u00e1lises de alimentos, sem reagentes, em tr\u00eas minutos. Para os respons\u00e1veis da DIN, a participa\u00e7\u00e3o na 15.\u00aa edi\u00e7\u00e3o da Alimentaria &amp; Horexpo Lisboa \u00e9 uma \u201c\u00f3tima oportunidade para dar a conhecer o laborat\u00f3rio, uma vez que estar\u00e3o presentes empres\u00e1rios de v\u00e1rios pa\u00edses\u201d.<\/div>\n<div><\/div>\n<div>A FIL vai concentrar no mesmo espa\u00e7o 800 expositores nacionais e internacionais, que ser\u00e3o distribu\u00eddos pelos tr\u00eas pavilh\u00f5es: AlimentariaLisboa, Horexpo e Tecnoalimentaria. Na \u00faltima edi\u00e7\u00e3o, em 2017, a feira recebeu mais de 600 empresas e entidades, tendo estado representadas mais de 2 mil marcas. Nos tr\u00eas dias, passaram pelo evento mais de 23 mil visitantes profissionais. A Alimentaria &amp; Horexpo Lisboa \u00e9 uma organiza\u00e7\u00e3o conjunta da Feira Internacional de Lisboa e da Alimentaria Exhibitions.<\/div>\n<div><\/div>\n<div><strong>Sobre a DIN<\/strong><\/div>\n<div>A DIN, SA est\u00e1 presente no mercado da nutri\u00e7\u00e3o animal desde 1988. A empresa disp\u00f5e de\u00a0uma gama pr\u00f3pria de pr\u00e9-misturas, alimentos de\u00a0 inicia\u00e7\u00e3o e especialidades para v\u00e1rias esp\u00e9cies animais, mat\u00e9rias-primas para alimenta\u00e7\u00e3o animal e tamb\u00e9m produz solu\u00e7\u00f5es nutricionais \u00e0 medida de cada cliente.\u00a0O controlo de qualidade dos produtos da DIN e dos seus clientes \u00e9 efetuado no Laborat\u00f3rio de Investiga\u00e7\u00e3o e Desenvolvimento (LID), que se encontra integrado na empresa.<\/div>\n","protected":false},"excerpt":{"rendered":"<p>Nos dias 24, 25 e 26 de mar\u00e7o, o laborat\u00f3rio da DIN \u2013 Desenvolvimento e Inova\u00e7\u00e3o Nutricional, SA, com sede<\/p>\n","protected":false},"author":4,"featured_media":6084,"comment_status":"open","ping_status":"open","sticky":false,"template":"","format":"standard","meta":[],"categories":[399],"tags":[1953,1952,700],"_links":{"self":[{"href":"https:\/\/www1.esev.ipv.pt\/dacomunicacao\/index.php?rest_route=\/wp\/v2\/posts\/6083"}],"collection":[{"href":"https:\/\/www1.esev.ipv.pt\/dacomunicacao\/index.php?rest_route=\/wp\/v2\/posts"}],"about":[{"href":"https:\/\/www1.esev.ipv.pt\/dacomunicacao\/index.php?rest_route=\/wp\/v2\/types\/post"}],"author":[{"embeddable":true,"href":"https:\/\/www1.esev.ipv.pt\/dacomunicacao\/index.php?rest_route=\/wp\/v2\/users\/4"}],"replies":[{"embeddable":true,"href":"https:\/\/www1.esev.ipv.pt\/dacomunicacao\/index.php?rest_route=%2Fwp%2Fv2%2Fcomments&post=6083"}],"version-history":[{"count":2,"href":"https:\/\/www1.esev.ipv.pt\/dacomunicacao\/index.php?rest_route=\/wp\/v2\/posts\/6083\/revisions"}],"predecessor-version":[{"id":6086,"href":"https:\/\/www1.esev.ipv.pt\/dacomunicacao\/index.php?rest_route=\/wp\/v2\/posts\/6083\/revisions\/6086"}],"wp:featuredmedia":[{"embeddable":true,"href":"https:\/\/www1.esev.ipv.pt\/dacomunicacao\/index.php?rest_route=\/wp\/v2\/media\/6084"}],"wp:attachment":[{"href":"https:\/\/www1.esev.ipv.pt\/dacomunicacao\/index.php?rest_route=%2Fwp%2Fv2%2Fmedia&parent=6083"}],"wp:term":[{"taxonomy":"category","embeddable":true,"href":"https:\/\/www1.esev.ipv.pt\/dacomunicacao\/index.php?rest_route=%2Fwp%2Fv2%2Fcategories&post=6083"},{"taxonomy":"post_tag","embeddable":true,"href":"https:\/\/www1.esev.ipv.pt\/dacomunicacao\/index.php?rest_route=%2Fwp%2Fv2%2Ftags&post=6083"}],"curies":[{"name":"wp","href":"https:\/\/api.w.org\/{rel}","templated":true}]}}