{"id":6019,"date":"2019-02-28T11:31:57","date_gmt":"2019-02-28T11:31:57","guid":{"rendered":"http:\/\/www.esev.ipv.pt\/dacomunicacao\/?p=6019"},"modified":"2019-02-28T11:31:57","modified_gmt":"2019-02-28T11:31:57","slug":"folioes-desfilam-em-nelas-e-canas-de-senhorim","status":"publish","type":"post","link":"https:\/\/www1.esev.ipv.pt\/dacomunicacao\/?p=6019","title":{"rendered":"Foli\u00f5es desfilam em Nelas e Canas de Senhorim"},"content":{"rendered":"<p><em><strong>O\u00a0<span class=\"highlightNode\">Carnaval<\/span>\u00a0de Nelas e Canas de Senhorim, constitui um dos principais cartazes tur\u00edsticos da regi\u00e3o, refor\u00e7ado pela relevante riqueza patrimonial, paisag\u00edstica, gastron\u00f3mica, v\u00ednica e pelo o termalismo e a hospitalidade pr\u00f3pria das gentes do Concelho de Nelas.<\/strong><\/em><\/p>\n<p>Centenas de figurantes, milhares de visitantes, muita m\u00fasica, humor e anima\u00e7\u00e3o fazem os carnavais do Concelho de Nelas, que de 03 a 06 de Mar\u00e7o\u00a02019, prometem folia e divers\u00e3o, que com cariz diferente e protagonizados pelas Associa\u00e7\u00f5es do Bairro da Igreja e Cimo do Povo, Pa\u00e7o e Rossio, consagram uma tradi\u00e7\u00e3o de d\u00e9cadas em Nelas e secular em Canas de Senhorim.<\/p>\n<p>Na Vila de Nelas, a Associa\u00e7\u00e3o do Bairro da Igreja e do Cimo do Povo s\u00e3o os protagonistas do\u00a0Carnaval, que durante meses preparam em sigilo as fantasias dos figurantes e os carros aleg\u00f3ricos, que v\u00e3o exibir nesses dias com bastante gosto e imagina\u00e7\u00e3o numa grande festa carnavalesca, que come\u00e7a na Pra\u00e7a do Munic\u00edpio e se estende \u00e0s principais ruas da vila de Nelas, ao ritmo de m\u00fasica brasileira, e que culmina em ambiente de festa e alegria, com a troca das rainhas dos dois bairros, na ter\u00e7a-feira de Entrudo.<\/p>\n<p>De salientar ainda, a Queima do Entrudo, na Quarta-Feira de Cinzas, realizada nas duas vilas do Concelho de Nelas, por cada uma das associa\u00e7\u00f5es envolvidas.<\/p>\n<p>As Associa\u00e7\u00f5es do Pa\u00e7o e Rossio, bairros rivais de Canas de Senhorim, mostram o seu empenho e enchem as ruas da Vila de cor e divers\u00e3o entre Domingo e Ter\u00e7a-feira de entrudo, dias vividos intensamente pelos foli\u00f5es, que culminam com o despique nas quatro esquinas, onde os foli\u00f5es de cada bairro puxam pelo seu bairro entoando a sua m\u00fasica. Do ambiente carnavalesco desta vila fazem parte tamb\u00e9m a \u201cSegunda-feira das Velhas\u201d, os bailes, os pis\u00f5es, as paneladas e as batatadas.<\/p>\n<p>A organiza\u00e7\u00e3o do\u00a0Carnaval\u00a0conta com o apoio da C\u00e2mara Municipal de Nelas, Juntas de Freguesia e Corpora\u00e7\u00f5es dos Bombeiros Volunt\u00e1rios de Nelas e Canas de Senhorim.<\/p>\n","protected":false},"excerpt":{"rendered":"<p>O\u00a0Carnaval\u00a0de Nelas e Canas de Senhorim, constitui um dos principais cartazes tur\u00edsticos da regi\u00e3o, refor\u00e7ado pela relevante riqueza patrimonial, paisag\u00edstica,<\/p>\n","protected":false},"author":4,"featured_media":6020,"comment_status":"open","ping_status":"open","sticky":false,"template":"","format":"standard","meta":[],"categories":[15],"tags":[1612,322,196],"_links":{"self":[{"href":"https:\/\/www1.esev.ipv.pt\/dacomunicacao\/index.php?rest_route=\/wp\/v2\/posts\/6019"}],"collection":[{"href":"https:\/\/www1.esev.ipv.pt\/dacomunicacao\/index.php?rest_route=\/wp\/v2\/posts"}],"about":[{"href":"https:\/\/www1.esev.ipv.pt\/dacomunicacao\/index.php?rest_route=\/wp\/v2\/types\/post"}],"author":[{"embeddable":true,"href":"https:\/\/www1.esev.ipv.pt\/dacomunicacao\/index.php?rest_route=\/wp\/v2\/users\/4"}],"replies":[{"embeddable":true,"href":"https:\/\/www1.esev.ipv.pt\/dacomunicacao\/index.php?rest_route=%2Fwp%2Fv2%2Fcomments&post=6019"}],"version-history":[{"count":1,"href":"https:\/\/www1.esev.ipv.pt\/dacomunicacao\/index.php?rest_route=\/wp\/v2\/posts\/6019\/revisions"}],"predecessor-version":[{"id":6021,"href":"https:\/\/www1.esev.ipv.pt\/dacomunicacao\/index.php?rest_route=\/wp\/v2\/posts\/6019\/revisions\/6021"}],"wp:featuredmedia":[{"embeddable":true,"href":"https:\/\/www1.esev.ipv.pt\/dacomunicacao\/index.php?rest_route=\/wp\/v2\/media\/6020"}],"wp:attachment":[{"href":"https:\/\/www1.esev.ipv.pt\/dacomunicacao\/index.php?rest_route=%2Fwp%2Fv2%2Fmedia&parent=6019"}],"wp:term":[{"taxonomy":"category","embeddable":true,"href":"https:\/\/www1.esev.ipv.pt\/dacomunicacao\/index.php?rest_route=%2Fwp%2Fv2%2Fcategories&post=6019"},{"taxonomy":"post_tag","embeddable":true,"href":"https:\/\/www1.esev.ipv.pt\/dacomunicacao\/index.php?rest_route=%2Fwp%2Fv2%2Ftags&post=6019"}],"curies":[{"name":"wp","href":"https:\/\/api.w.org\/{rel}","templated":true}]}}