{"id":5979,"date":"2019-02-26T10:55:30","date_gmt":"2019-02-26T10:55:30","guid":{"rendered":"http:\/\/www.esev.ipv.pt\/dacomunicacao\/?p=5979"},"modified":"2019-02-26T10:55:30","modified_gmt":"2019-02-26T10:55:30","slug":"alunos-de-vouzela-vao-assistir-a-conferencia-sobre-empreendedorismo-jovem","status":"publish","type":"post","link":"https:\/\/www1.esev.ipv.pt\/dacomunicacao\/?p=5979","title":{"rendered":"Alunos de Vouzela v\u00e3o assistir a confer\u00eancia sobre empreendedorismo jovem"},"content":{"rendered":"<p><em><strong>No \u00e2mbito do projeto \u201cWanted \u2013 Escolas Empreendedoras da CIM Viseu D\u00e3o Laf\u00f5es\u201d, a Comunidade Intermunicipal Viseu D\u00e3o Laf\u00f5es (CIM) e o Munic\u00edpio de Vouzela v\u00e3o promover no dia 26 de fevereiro, pelas 11h30, no Cine-teatro Jo\u00e3o Ribeiro, a iniciativa \u201cConfer\u00eancia Teen\u201d, destinada aos alunos das escolas do concelho.<\/strong><\/em><\/p>\n<p>Com esta atividade pretende-se que os alunos possam conhecer jovens empreendedores e tomar conhecimento das suas hist\u00f3rias contadas na primeira pessoa, motivando-os para serem empreendedores e criativos.<\/p>\n<p>Na atividade ir\u00e3o marcar presen\u00e7a o vouzelense Rui Coimbras e Rafael Pol\u00f3nia, mentor e l\u00edder de experi\u00eancias na Landescape, Ag\u00eancia de Viagens.<\/p>\n<p>\u00c9 um viajante por natureza tendo j\u00e1 feito algumas viagens de mochila \u00e0s costas e duas longas viagens de bicicleta que o levaram num percurso de 28 meses por mais de 50 pa\u00edses.<\/p>\n<p>&nbsp;<\/p>\n","protected":false},"excerpt":{"rendered":"<p>No \u00e2mbito do projeto \u201cWanted \u2013 Escolas Empreendedoras da CIM Viseu D\u00e3o Laf\u00f5es\u201d, a Comunidade Intermunicipal Viseu D\u00e3o Laf\u00f5es (CIM)<\/p>\n","protected":false},"author":4,"featured_media":5980,"comment_status":"open","ping_status":"open","sticky":false,"template":"","format":"standard","meta":[],"categories":[462],"tags":[38,872],"_links":{"self":[{"href":"https:\/\/www1.esev.ipv.pt\/dacomunicacao\/index.php?rest_route=\/wp\/v2\/posts\/5979"}],"collection":[{"href":"https:\/\/www1.esev.ipv.pt\/dacomunicacao\/index.php?rest_route=\/wp\/v2\/posts"}],"about":[{"href":"https:\/\/www1.esev.ipv.pt\/dacomunicacao\/index.php?rest_route=\/wp\/v2\/types\/post"}],"author":[{"embeddable":true,"href":"https:\/\/www1.esev.ipv.pt\/dacomunicacao\/index.php?rest_route=\/wp\/v2\/users\/4"}],"replies":[{"embeddable":true,"href":"https:\/\/www1.esev.ipv.pt\/dacomunicacao\/index.php?rest_route=%2Fwp%2Fv2%2Fcomments&post=5979"}],"version-history":[{"count":1,"href":"https:\/\/www1.esev.ipv.pt\/dacomunicacao\/index.php?rest_route=\/wp\/v2\/posts\/5979\/revisions"}],"predecessor-version":[{"id":5981,"href":"https:\/\/www1.esev.ipv.pt\/dacomunicacao\/index.php?rest_route=\/wp\/v2\/posts\/5979\/revisions\/5981"}],"wp:featuredmedia":[{"embeddable":true,"href":"https:\/\/www1.esev.ipv.pt\/dacomunicacao\/index.php?rest_route=\/wp\/v2\/media\/5980"}],"wp:attachment":[{"href":"https:\/\/www1.esev.ipv.pt\/dacomunicacao\/index.php?rest_route=%2Fwp%2Fv2%2Fmedia&parent=5979"}],"wp:term":[{"taxonomy":"category","embeddable":true,"href":"https:\/\/www1.esev.ipv.pt\/dacomunicacao\/index.php?rest_route=%2Fwp%2Fv2%2Fcategories&post=5979"},{"taxonomy":"post_tag","embeddable":true,"href":"https:\/\/www1.esev.ipv.pt\/dacomunicacao\/index.php?rest_route=%2Fwp%2Fv2%2Ftags&post=5979"}],"curies":[{"name":"wp","href":"https:\/\/api.w.org\/{rel}","templated":true}]}}