{"id":5974,"date":"2019-02-24T16:12:42","date_gmt":"2019-02-24T16:12:42","guid":{"rendered":"http:\/\/www.esev.ipv.pt\/dacomunicacao\/?p=5974"},"modified":"2019-02-24T16:12:42","modified_gmt":"2019-02-24T16:12:42","slug":"porto-sai-de-tondela-com-3-pontos-e-reforca-a-lideranca-do-campeonato","status":"publish","type":"post","link":"https:\/\/www1.esev.ipv.pt\/dacomunicacao\/?p=5974","title":{"rendered":"Porto sai de Tondela com 3 pontos e refor\u00e7a a lideran\u00e7a do campeonato"},"content":{"rendered":"<p><em><strong>Jogo marcado pelas diversas altera\u00e7\u00f5es for\u00e7adas na equipa de Sergio Concei\u00e7\u00e3o, nomeadamente Milit\u00e3o, castigado disciplinarmente, e Danilo e Soares, os rec\u00e9m lesionados que se juntam ao lote j\u00e1 anteriormente conhecido de Marega e Aboubakar, n\u00e3o prejudicando o resultado da equipa do FC Porto que somou mais 3 pontos. Na equipa de Pepa, destaca-se o regresso do central Ricardo Alves.<\/strong><\/em><\/p>\n<p>Na passada sexta feira, dia 22 de fevereiro, o CD Tondela recebeu, no est\u00e1dio Jo\u00e3o Cardoso, a equipa do FC Porto. Os auriverdes entraram mais a medo do que \u00e9 habitual no seu reduto, n\u00e3o conseguindo contrariar o dom\u00ednio inicial da equipa portista que, buscando desde cedo o golo, deteve a primeira oportunidade de perigo proporcionada por Pepe, logo no segundo minuto de jogo, num canto de Alex Telles. Adrian L\u00f3pez cabeceia para defesa de Cl\u00e1udio Ramos, que retira a bola da cabe\u00e7a do central portista conseguindo este apenas um cabeceamento de rasp\u00e3o por cima da barra.<\/p>\n<p>A equipa de S\u00e9rgio Concei\u00e7\u00e3o continua mais forte, chegando ao golo no minuto 11 num livre marcado por \u00d3liver Torres para a grande \u00e1rea tondelense, sendo a bola cortada por um defesa da casa encontrando Herrera que, n\u00e3o conseguindo rodar sobre o jogador advers\u00e1rio, acaba por fazer uma assist\u00eancia a Pepe que rematou para o fundo das redes do Tondela.<\/p>\n<p>A primeira ocasi\u00e3o de perigo por parte da equipa de Pepa surge ao minuto 35, protagonizada por Toman\u00e9 que, passando num primeiro momento por Felipe, remata \u00e0 figura de Casillas que com uma defesa apertada afasta a bola.<\/p>\n<p>Interven\u00e7\u00e3o inesperada da equipa m\u00e9dica do Tondela ap\u00f3s a les\u00e3o de Jaquit\u00e9, que foi retirado diretamente para os balne\u00e1rios, obrigando Pepa \u00e0 primeira substitui\u00e7\u00e3o do jogo.<\/p>\n<p>FC Porto mais pressionante e com mais oportunidades de golo vence ao intervalo pela\u00a0 margem m\u00ednima.<\/p>\n<p>Segunda parte inicia-se com um mau al\u00edvio por parte de Ricardo Costa, ap\u00f3s cruzamento de Corona, que ressalta para a entrada da grande \u00e1rea sobrando para \u00d3liver Torres que, com um pontap\u00e9 de ressaca, faz um remate certeiro com a bola a bater no poste direito e a entrar sem dar hip\u00f3tese de defesa a Cl\u00e1udio Ramos.<\/p>\n<p>Ao minuto 60 nova oportunidade de golo para os drag\u00f5es: Cl\u00e1udio Ramos ia sendo tra\u00eddo pelo seu colega de equipa Ricardo Costa que, involuntariamente, corta a bola em dire\u00e7\u00e3o \u00e0 sua baliza obrigando o guardi\u00e3o tondelense a uma defesa apertada.<\/p>\n<p>Nova les\u00e3o, desta vez do lado da equipa do Porto, levando a nova substitui\u00e7\u00e3o for\u00e7ada com sa\u00edda de Manaf\u00e1 e entrada de Maxi Pereira.<\/p>\n<p>Porto domina por completo a segunda parte conseguindo aumentar a vantagem ao minuto 74, numa jogada de pleno entendimento entre os jogadores portistas, iniciada por Adrian L\u00f3pez, e terminada com uma assist\u00eancia do n\u00famero 8 portista para a finaliza\u00e7\u00e3o de Herrera encostando a bola para uma baliza deserta.<\/p>\n<p>Numa \u00faltima jogada perigosa por parte da equipa de S\u00e9rgio Concei\u00e7\u00e3o, Ot\u00e1vio perde a chance de aumentar a vantagem no marcador com um remate por cima da barra na cara de Cl\u00e1udio Ramos.<\/p>\n<p>Partida finalizada com vit\u00f3ria da equipa visitante por 3 bolas a 0, mantendo-se na lideran\u00e7a do campenato com 57 pontos, partindo para o cl\u00e1ssico com vantagem perante o SL Benfica.<\/p>\n<p>CD Tondela mant\u00e9m-se com 23 pontos, na 12.\u00aa posi\u00e7\u00e3o da tabela classificativa, num jogo pouco conseguido por parte da equipa beir\u00e3 que vacilou na liga\u00e7\u00e3o entre os setores n\u00e3o conseguindo, salvo uma ou duas exce\u00e7\u00f5es, incomodar Iker Casillas.<\/p>\n<p><u>\u00a0<\/u><\/p>\n<p><u>Ficha de jogo<\/u><\/p>\n<p><strong>CD Tondela<\/strong><\/p>\n<p><strong>11 inicial:<\/strong> Cl\u00e1udio Ramos; Jaquit\u00e9; Xavier; Juan Delgado; Sergio Pen\u00e3; Moufi; Toman\u00e9; Ricardo Costa; Jo\u00e3ozinho; Bruno Monteiro; Ricardo Alves<\/p>\n<p><strong>Suplentes:<\/strong> Pedro Silva; \u00cdcaro Silva; Tembeng; Jo\u00e3o Pedro; Pit\u00e9; Murillo; Arango<\/p>\n<p><strong>Substitui\u00e7\u00f5es:<\/strong> Sai Jaquit\u00e9 e entra Jo\u00e3o Pedro (42\u2019); Sai Xavier e entra Pite (59\u2019); Sai Juan Delgado e entra Jhon Murillo (69\u2019)<\/p>\n<p><strong>Treinador:<\/strong> Pepa<\/p>\n<p>&nbsp;<\/p>\n<p><strong>Fc Porto<\/strong><\/p>\n<p><strong>11 inicial: <\/strong>Iker Casillas; \u00d3liver Torres; Manaf\u00e1; Alex Telles; Herrera; Corona; Adrian Lopez; Ot\u00e1vio; Felipe; Pepe; Fernando Andrade<\/p>\n<p><strong>Suplentes: <\/strong>Van\u00e1; Maxi; Bruno Costa; Hern\u00e2ni; Brahimi; Mbemba; Andr\u00e9 Pereira<\/p>\n<p><strong>Substitui\u00e7\u00f5es: <\/strong>\u00a0Sai Manf\u00e1 e entra Maxi (69\u2019); Sai Fernando Andrade e entra Brahimi (70\u2019); Sai Herrera e entra Andr\u00e9 Pereira (74\u2019)<\/p>\n<p><strong>Treinador:<\/strong> S\u00e9rgio Concei\u00e7\u00e3o<\/p>\n<p>&nbsp;<\/p>\n<p><strong>Texto: Marta Santos<\/strong><\/p>\n<p><strong>Imagens:<a href=\"https:\/\/www.facebook.com\/CDTondela\/\"> CD Tondela<\/a><\/strong><\/p>\n","protected":false},"excerpt":{"rendered":"<p>Jogo marcado pelas diversas altera\u00e7\u00f5es for\u00e7adas na equipa de Sergio Concei\u00e7\u00e3o, nomeadamente Milit\u00e3o, castigado disciplinarmente, e Danilo e Soares, os<\/p>\n","protected":false},"author":4,"featured_media":5975,"comment_status":"open","ping_status":"open","sticky":false,"template":"","format":"standard","meta":[],"categories":[13],"tags":[666,782,20,1536],"_links":{"self":[{"href":"https:\/\/www1.esev.ipv.pt\/dacomunicacao\/index.php?rest_route=\/wp\/v2\/posts\/5974"}],"collection":[{"href":"https:\/\/www1.esev.ipv.pt\/dacomunicacao\/index.php?rest_route=\/wp\/v2\/posts"}],"about":[{"href":"https:\/\/www1.esev.ipv.pt\/dacomunicacao\/index.php?rest_route=\/wp\/v2\/types\/post"}],"author":[{"embeddable":true,"href":"https:\/\/www1.esev.ipv.pt\/dacomunicacao\/index.php?rest_route=\/wp\/v2\/users\/4"}],"replies":[{"embeddable":true,"href":"https:\/\/www1.esev.ipv.pt\/dacomunicacao\/index.php?rest_route=%2Fwp%2Fv2%2Fcomments&post=5974"}],"version-history":[{"count":1,"href":"https:\/\/www1.esev.ipv.pt\/dacomunicacao\/index.php?rest_route=\/wp\/v2\/posts\/5974\/revisions"}],"predecessor-version":[{"id":5976,"href":"https:\/\/www1.esev.ipv.pt\/dacomunicacao\/index.php?rest_route=\/wp\/v2\/posts\/5974\/revisions\/5976"}],"wp:featuredmedia":[{"embeddable":true,"href":"https:\/\/www1.esev.ipv.pt\/dacomunicacao\/index.php?rest_route=\/wp\/v2\/media\/5975"}],"wp:attachment":[{"href":"https:\/\/www1.esev.ipv.pt\/dacomunicacao\/index.php?rest_route=%2Fwp%2Fv2%2Fmedia&parent=5974"}],"wp:term":[{"taxonomy":"category","embeddable":true,"href":"https:\/\/www1.esev.ipv.pt\/dacomunicacao\/index.php?rest_route=%2Fwp%2Fv2%2Fcategories&post=5974"},{"taxonomy":"post_tag","embeddable":true,"href":"https:\/\/www1.esev.ipv.pt\/dacomunicacao\/index.php?rest_route=%2Fwp%2Fv2%2Ftags&post=5974"}],"curies":[{"name":"wp","href":"https:\/\/api.w.org\/{rel}","templated":true}]}}