{"id":5967,"date":"2019-02-28T11:31:03","date_gmt":"2019-02-28T11:31:03","guid":{"rendered":"http:\/\/www.esev.ipv.pt\/dacomunicacao\/?p=5967"},"modified":"2019-02-28T11:31:03","modified_gmt":"2019-02-28T11:31:03","slug":"castro-daire-recebeu-o-i-corta-mato-do-montemuro","status":"publish","type":"post","link":"https:\/\/www1.esev.ipv.pt\/dacomunicacao\/?p=5967","title":{"rendered":"Castro Daire recebeu o I Corta-Mato do Montemuro"},"content":{"rendered":"<p><em><strong>O munic\u00edpio de Castro Daire e a Associa\u00e7\u00e3o de Atletismo de Viseu, organizaram, no passado dia 16 de fevereiro, o I Corta-Mato do Montemuro. A prova que contou com a colabora\u00e7\u00e3o da junta de freguesia das Monteiras, realizou-se no Santu\u00e1rio da Nossa Senhora da Ouvida. Foram muitos os atletas que participaram no evento, desde federados e populares, em representa\u00e7\u00e3o de clubes, escolas, coletividades, grupos informais ou a t\u00edtulo individual.<\/strong><\/em><\/p>\n<p><img loading=\"lazy\" class=\"alignnone size-full wp-image-5969\" src=\"http:\/\/www.esev.ipv.pt\/dacomunicacao\/wp-content\/uploads\/2019\/02\/IMG_0390.jpg\" alt=\"\" width=\"1246\" height=\"1868\" srcset=\"https:\/\/www1.esev.ipv.pt\/dacomunicacao\/wp-content\/uploads\/2019\/02\/IMG_0390.jpg 1246w, https:\/\/www1.esev.ipv.pt\/dacomunicacao\/wp-content\/uploads\/2019\/02\/IMG_0390-200x300.jpg 200w, https:\/\/www1.esev.ipv.pt\/dacomunicacao\/wp-content\/uploads\/2019\/02\/IMG_0390-768x1151.jpg 768w, https:\/\/www1.esev.ipv.pt\/dacomunicacao\/wp-content\/uploads\/2019\/02\/IMG_0390-683x1024.jpg 683w\" sizes=\"(max-width: 1246px) 100vw, 1246px\" \/><\/p>\n<p>O evento foi a primeira prova integrada do \u201cCircuito Municipal de Corrida e Marcha Pedestre \u2013 (Per)Correr Castro Daire 2019\u201d e no Campeonato Distrital de Corta-Mato da Associa\u00e7\u00e3o de Atletismo de Viseu.<\/p>\n<p>Vitor Barbosa (GD Castelo Paiva ) foi o atleta masculino mais r\u00e1pido ao percorrer os 8400m num total de 30m40s sendo seguido no p\u00f3dio por Carlos Nunes (Casa Povo de Mangualde ) e Marcelo Gon\u00e7alves (GDR Granja Trutas do Mau) respetivamente. Maryline Marques (GDR Granja Trutas do Mau) foi a grande vencedora feminina e \u00e9 agora a nova campe\u00e3 distrital da modalidade, demorando a percorrer os 4800 m em 21m37s tendo a companhia no p\u00f3dio de Magda Requeijo (GD Leomil ) e de L\u00eddia Pereira (GDR Granja Trutas do Mau).<\/p>\n<p>A iniciativa contou ainda com uma caminhada em natureza onde participaram cerca de uma centena de caminheiros.<\/p>\n<p>A pr\u00f3xima prova realizar-se-\u00e1 no dia 30 de mar\u00e7o, com o Trail Caminho de Santiago, etapa de primavera (Aguadalte \u2013 M\u00f5es).<\/p>\n","protected":false},"excerpt":{"rendered":"<p>O munic\u00edpio de Castro Daire e a Associa\u00e7\u00e3o de Atletismo de Viseu, organizaram, no passado dia 16 de fevereiro, o<\/p>\n","protected":false},"author":4,"featured_media":5968,"comment_status":"open","ping_status":"open","sticky":false,"template":"","format":"standard","meta":[],"categories":[13],"tags":[1812,1916,1556,1917,1915],"_links":{"self":[{"href":"https:\/\/www1.esev.ipv.pt\/dacomunicacao\/index.php?rest_route=\/wp\/v2\/posts\/5967"}],"collection":[{"href":"https:\/\/www1.esev.ipv.pt\/dacomunicacao\/index.php?rest_route=\/wp\/v2\/posts"}],"about":[{"href":"https:\/\/www1.esev.ipv.pt\/dacomunicacao\/index.php?rest_route=\/wp\/v2\/types\/post"}],"author":[{"embeddable":true,"href":"https:\/\/www1.esev.ipv.pt\/dacomunicacao\/index.php?rest_route=\/wp\/v2\/users\/4"}],"replies":[{"embeddable":true,"href":"https:\/\/www1.esev.ipv.pt\/dacomunicacao\/index.php?rest_route=%2Fwp%2Fv2%2Fcomments&post=5967"}],"version-history":[{"count":1,"href":"https:\/\/www1.esev.ipv.pt\/dacomunicacao\/index.php?rest_route=\/wp\/v2\/posts\/5967\/revisions"}],"predecessor-version":[{"id":5970,"href":"https:\/\/www1.esev.ipv.pt\/dacomunicacao\/index.php?rest_route=\/wp\/v2\/posts\/5967\/revisions\/5970"}],"wp:featuredmedia":[{"embeddable":true,"href":"https:\/\/www1.esev.ipv.pt\/dacomunicacao\/index.php?rest_route=\/wp\/v2\/media\/5968"}],"wp:attachment":[{"href":"https:\/\/www1.esev.ipv.pt\/dacomunicacao\/index.php?rest_route=%2Fwp%2Fv2%2Fmedia&parent=5967"}],"wp:term":[{"taxonomy":"category","embeddable":true,"href":"https:\/\/www1.esev.ipv.pt\/dacomunicacao\/index.php?rest_route=%2Fwp%2Fv2%2Fcategories&post=5967"},{"taxonomy":"post_tag","embeddable":true,"href":"https:\/\/www1.esev.ipv.pt\/dacomunicacao\/index.php?rest_route=%2Fwp%2Fv2%2Ftags&post=5967"}],"curies":[{"name":"wp","href":"https:\/\/api.w.org\/{rel}","templated":true}]}}