{"id":5918,"date":"2019-02-20T14:23:35","date_gmt":"2019-02-20T14:23:35","guid":{"rendered":"http:\/\/www.esev.ipv.pt\/dacomunicacao\/?p=5918"},"modified":"2019-02-20T14:23:35","modified_gmt":"2019-02-20T14:23:35","slug":"concurso-escolar-nos-na-economia-circular","status":"publish","type":"post","link":"https:\/\/www1.esev.ipv.pt\/dacomunicacao\/?p=5918","title":{"rendered":"Concurso escolar &#8220;N\u00f3s na economia circular&#8221;"},"content":{"rendered":"<p><strong><em>\u201cN\u00f3s na Economia Circular\u201d \u00e9 um concurso escolar destinado aos alunos que frequentem o 2\u00ba e 3\u00ba Ciclos do Ensino B\u00e1sico (concurso J\u00fanior) e do Ensino Secund\u00e1rio, ou equivalente e do Ensino Superior (concurso S\u00e9nior) do Concelho de Viseu.<\/em><\/strong><\/p>\n<p>O concurso tem como objetivos promover o conhecimento da origem dos materiais, \u00e1gua e energia e a sua valoriza\u00e7\u00e3o; estimular o interesse pela investiga\u00e7\u00e3o, criando nos alunos o esp\u00edrito cient\u00edfico do desejo da descoberta, e tomando contacto com a abordagem cient\u00edfica do rigor, da experimenta\u00e7\u00e3o e do teste de hip\u00f3teses formuladas; incutir nos alunos o sentido pr\u00e1tico da aplica\u00e7\u00e3o de conceitos das mais variadas \u00e1reas da Economia Circular.<\/p>\n<p>\u201cN\u00f3s na Economia Circular\u201d pretende encorajar os alunos a pensar mais al\u00e9m relativamente ao que existe nas suas vidas. Respondendo \u00e0s quest\u00f5es: Como s\u00e3o constitu\u00eddos os materiais que utilizo no meu dia a dia? Quando j\u00e1 n\u00e3o preciso deles o que fa\u00e7o? O que acontece \u00e0s minhas coisas quando j\u00e1 n\u00e3o preciso delas? Ser\u00e1 que consigo retirar partes dos meus desperd\u00edcios e fazer coisas novas? Ser\u00e1 que os objetos que uso poderiam ter uma vida mais longa? Ser\u00e1 que eu consigo criar na minha escola uma atividade que leve todos a pensar como reduzir o seu impacte? Ser\u00e1 que isso \u00e9 bom para a sociedade? Ser\u00e1 que estou a contribuir para um desenvolvimento sustent\u00e1vel?<\/p>\n<p>Os estudantes t\u00eam que concorrer em equipa, obrigatoriamente formada por um m\u00ednimo de 3 e m\u00e1ximo de 5 elementos, distribu\u00eddos por um m\u00ednimo de dois e m\u00e1ximo de quatro alunos, e por um ou dois professores que acompanhar\u00e3o e orientar\u00e3o os trabalhos.<\/p>\n<p>Os participantes dever\u00e3o preencher e submeter at\u00e9 28 de fevereiro de 2019 o\u00a0formul\u00e1rio de inscri\u00e7\u00e3o, dispon\u00edvel em <a href=\"http:\/\/www.amb.estgv.ipv.pt\"><strong>www.amb.estgv.ipv.pt<\/strong><\/a><\/p>\n<p>&nbsp;<\/p>\n<p><strong>Economia Circular<\/strong><\/p>\n<p>Ao longo dos anos, a Uni\u00e3o Europeia criou e implementou diplomas legais para melhorar a qualidade do ambiente e, consequentemente, a qualidade de vida dos cidad\u00e3os e do ecossistema. Hoje em dia, est\u00e1 a ser dada uma aten\u00e7\u00e3o especial \u00e0 economia circular. A economia circular \u00e9 um modelo que visa redefinir o desenvolvimento, centrando-se em benef\u00edcios para toda a sociedade. Implica gradualmente dissociar a atividade humana do consumo de recursos finitos e projetar uma sociedade sem res\u00edduos. Este concurso pretende incorporar nos jovens uma ideia diferente de pensar como a nossa economia poderia trabalhar: uma Economia Circular.<\/p>\n<p>O concurso enquadra-se num programa mais vasto da Green Week Viseu, que vai decorrer entre 13 e 17 de maio de 2019.<\/p>\n","protected":false},"excerpt":{"rendered":"<p>\u201cN\u00f3s na Economia Circular\u201d \u00e9 um concurso escolar destinado aos alunos que frequentem o 2\u00ba e 3\u00ba Ciclos do Ensino<\/p>\n","protected":false},"author":4,"featured_media":5919,"comment_status":"open","ping_status":"open","sticky":false,"template":"","format":"standard","meta":[],"categories":[11],"tags":[188,1822,76],"_links":{"self":[{"href":"https:\/\/www1.esev.ipv.pt\/dacomunicacao\/index.php?rest_route=\/wp\/v2\/posts\/5918"}],"collection":[{"href":"https:\/\/www1.esev.ipv.pt\/dacomunicacao\/index.php?rest_route=\/wp\/v2\/posts"}],"about":[{"href":"https:\/\/www1.esev.ipv.pt\/dacomunicacao\/index.php?rest_route=\/wp\/v2\/types\/post"}],"author":[{"embeddable":true,"href":"https:\/\/www1.esev.ipv.pt\/dacomunicacao\/index.php?rest_route=\/wp\/v2\/users\/4"}],"replies":[{"embeddable":true,"href":"https:\/\/www1.esev.ipv.pt\/dacomunicacao\/index.php?rest_route=%2Fwp%2Fv2%2Fcomments&post=5918"}],"version-history":[{"count":1,"href":"https:\/\/www1.esev.ipv.pt\/dacomunicacao\/index.php?rest_route=\/wp\/v2\/posts\/5918\/revisions"}],"predecessor-version":[{"id":5920,"href":"https:\/\/www1.esev.ipv.pt\/dacomunicacao\/index.php?rest_route=\/wp\/v2\/posts\/5918\/revisions\/5920"}],"wp:featuredmedia":[{"embeddable":true,"href":"https:\/\/www1.esev.ipv.pt\/dacomunicacao\/index.php?rest_route=\/wp\/v2\/media\/5919"}],"wp:attachment":[{"href":"https:\/\/www1.esev.ipv.pt\/dacomunicacao\/index.php?rest_route=%2Fwp%2Fv2%2Fmedia&parent=5918"}],"wp:term":[{"taxonomy":"category","embeddable":true,"href":"https:\/\/www1.esev.ipv.pt\/dacomunicacao\/index.php?rest_route=%2Fwp%2Fv2%2Fcategories&post=5918"},{"taxonomy":"post_tag","embeddable":true,"href":"https:\/\/www1.esev.ipv.pt\/dacomunicacao\/index.php?rest_route=%2Fwp%2Fv2%2Ftags&post=5918"}],"curies":[{"name":"wp","href":"https:\/\/api.w.org\/{rel}","templated":true}]}}