{"id":5898,"date":"2019-02-14T12:32:25","date_gmt":"2019-02-14T12:32:25","guid":{"rendered":"http:\/\/www.esev.ipv.pt\/dacomunicacao\/?p=5898"},"modified":"2019-02-14T12:32:25","modified_gmt":"2019-02-14T12:32:25","slug":"municipio-disponibiliza-100-mil-euros-para-a-linha-revitalizar-do-viseu-cultura","status":"publish","type":"post","link":"https:\/\/www1.esev.ipv.pt\/dacomunicacao\/?p=5898","title":{"rendered":"Munic\u00edpio disponibiliza 100 mil euros para a linha \u201cRevitalizar\u201d do Viseu Cultura"},"content":{"rendered":"<p style=\"font-weight: 400;\"><strong><em>Linha de apoio municipal com novidades nesta edi\u00e7\u00e3o, no contexto do plano de a\u00e7\u00e3o \u201cViseu 2019, Destino de Gastronomia\u201d<\/em><\/strong><\/p>\n<p style=\"font-weight: 400;\">O Munic\u00edpio de Viseu tem abertas, at\u00e9 3 de mar\u00e7o, as candidaturas \u00e0 linha \u201cRevitalizar\u201d, do programa municipal VISEU CULTURA, disponibilizando uma dota\u00e7\u00e3o financeira global de 100 mil euros.<\/p>\n<p style=\"font-weight: 400;\">Nesta edi\u00e7\u00e3o, a linha de apoio municipal traz novidades, no contexto do plano de a\u00e7\u00e3o \u201cViseu 2019, Destino de Gastronomia\u201d. Neste sentido, os interessados s\u00e3o convidados a apresentar projetos que privilegiem a valoriza\u00e7\u00e3o, revitaliza\u00e7\u00e3o, rejuvenescimento, qualifica\u00e7\u00e3o e promo\u00e7\u00e3o da cultura tradicional e do patrim\u00f3nio gastron\u00f3mico local.<\/p>\n<p style=\"font-weight: 400;\">Incluem-se aqui a\u00e7\u00f5es de investiga\u00e7\u00e3o, revitaliza\u00e7\u00e3o e valoriza\u00e7\u00e3o das identidades culturais locais, do folclore e da oferta gastron\u00f3mica, dos vinhos e produtos locais, mas tamb\u00e9m iniciativas de forma\u00e7\u00e3o, qualifica\u00e7\u00e3o, promo\u00e7\u00e3o e comunica\u00e7\u00e3o.<\/p>\n<p style=\"font-weight: 400;\">As candidaturas devem ser realizadas atrav\u00e9s do preenchimento de formul\u00e1rio pr\u00f3prio, acompanhados dos respetivos documentos exigidos, e enviadas para o email\u00a0<a href=\"mailto:cultura@cmviseu.pt\">cultura@cmviseu.pt<\/a>. Pedidos de esclarecimento podem ser formulados para o mesmo email at\u00e9 24 de fevereiro.<\/p>\n<p style=\"font-weight: 400;\">Em 2019, na sua segunda edi\u00e7\u00e3o, o VISEU CULTURA, que abriu candidaturas em outubro passado \u00e0s restantes linhas \u201cProgramar\u201d, \u201cAnimar\u201d e \u201cCriar\u201d, registou a rece\u00e7\u00e3o de 74 projetos, mais 10 face a 2017. Recorde-se ainda que, na passada semana, foram j\u00e1 aprovados os projetos de decis\u00e3o destas tr\u00eas linhas. O Executivo municipal deu luz verde a 27 projetos, que representam um investimento municipal de 648 mil euros.<\/p>\n<p style=\"font-weight: 400;\">Globalmente, o Munic\u00edpio de Viseu aloca um montante anual de cerca de 1,2 milh\u00f5es de euros para apoio a projetos culturais independentes, repartidos por estas quatro linhas de apoio e o projeto do Teatro Viriato.<\/p>\n<p style=\"font-weight: 400;\">Toda a informa\u00e7\u00e3o sobre o programa VISEU CULTURA, inclusive normas e formul\u00e1rio de candidatura, pode ser consultada em\u00a0<a href=\"http:\/\/www.cm-viseu.pt\/viseucultura\" data-saferedirecturl=\"https:\/\/www.google.com\/url?q=http:\/\/www.cm-viseu.pt\/viseucultura&amp;source=gmail&amp;ust=1550228834773000&amp;usg=AFQjCNHOBYvjpSYDrosTeguxiXCGPy41Pg\">www.cm-viseu.pt\/viseucultura<\/a>.<\/p>\n","protected":false},"excerpt":{"rendered":"<p>Linha de apoio municipal com novidades nesta edi\u00e7\u00e3o, no contexto do plano de a\u00e7\u00e3o \u201cViseu 2019, Destino de Gastronomia\u201d O<\/p>\n","protected":false},"author":4,"featured_media":5899,"comment_status":"open","ping_status":"open","sticky":false,"template":"","format":"standard","meta":[],"categories":[15],"tags":[1895,1368],"_links":{"self":[{"href":"https:\/\/www1.esev.ipv.pt\/dacomunicacao\/index.php?rest_route=\/wp\/v2\/posts\/5898"}],"collection":[{"href":"https:\/\/www1.esev.ipv.pt\/dacomunicacao\/index.php?rest_route=\/wp\/v2\/posts"}],"about":[{"href":"https:\/\/www1.esev.ipv.pt\/dacomunicacao\/index.php?rest_route=\/wp\/v2\/types\/post"}],"author":[{"embeddable":true,"href":"https:\/\/www1.esev.ipv.pt\/dacomunicacao\/index.php?rest_route=\/wp\/v2\/users\/4"}],"replies":[{"embeddable":true,"href":"https:\/\/www1.esev.ipv.pt\/dacomunicacao\/index.php?rest_route=%2Fwp%2Fv2%2Fcomments&post=5898"}],"version-history":[{"count":1,"href":"https:\/\/www1.esev.ipv.pt\/dacomunicacao\/index.php?rest_route=\/wp\/v2\/posts\/5898\/revisions"}],"predecessor-version":[{"id":5900,"href":"https:\/\/www1.esev.ipv.pt\/dacomunicacao\/index.php?rest_route=\/wp\/v2\/posts\/5898\/revisions\/5900"}],"wp:featuredmedia":[{"embeddable":true,"href":"https:\/\/www1.esev.ipv.pt\/dacomunicacao\/index.php?rest_route=\/wp\/v2\/media\/5899"}],"wp:attachment":[{"href":"https:\/\/www1.esev.ipv.pt\/dacomunicacao\/index.php?rest_route=%2Fwp%2Fv2%2Fmedia&parent=5898"}],"wp:term":[{"taxonomy":"category","embeddable":true,"href":"https:\/\/www1.esev.ipv.pt\/dacomunicacao\/index.php?rest_route=%2Fwp%2Fv2%2Fcategories&post=5898"},{"taxonomy":"post_tag","embeddable":true,"href":"https:\/\/www1.esev.ipv.pt\/dacomunicacao\/index.php?rest_route=%2Fwp%2Fv2%2Ftags&post=5898"}],"curies":[{"name":"wp","href":"https:\/\/api.w.org\/{rel}","templated":true}]}}