{"id":5799,"date":"2019-02-11T14:07:01","date_gmt":"2019-02-11T14:07:01","guid":{"rendered":"http:\/\/www.esev.ipv.pt\/dacomunicacao\/?p=5799"},"modified":"2019-02-11T12:08:16","modified_gmt":"2019-02-11T12:08:16","slug":"homenagem-aos-mecenas-da-universidade-senior-de-nelas","status":"publish","type":"post","link":"https:\/\/www1.esev.ipv.pt\/dacomunicacao\/?p=5799","title":{"rendered":"Homenagem aos mecenas da Universidade S\u00e9nior de Nelas"},"content":{"rendered":"<p><em><strong>No passado\u00a0dia 30 de janeiro, o presidente da C\u00e2mara Municipal de Nelas, Jos\u00e9 Borges da Silva, juntamente com o executivo municipal, estiveram presentes numa cerim\u00f3nia de inaugura\u00e7\u00e3o da placa que homenageia os mecenas da Universidade S\u00e9nior de Nelas \u2013\u00a0 Maria Isabel Rosado e Joaquim Rosado, num momento de grande gratid\u00e3o.<\/strong><\/em><\/p>\n<p>A tarde continuou com uma surpresa aos alunos, por parte do presidente da C\u00e2mara Municipal, com a entrega de uma carrinha para dar apoio a todo o trabalho da Universidade S\u00e9nior, dando assim essencialmente, apoio ao Projeto Itinerante.<\/p>\n","protected":false},"excerpt":{"rendered":"<p>No passado\u00a0dia 30 de janeiro, o presidente da C\u00e2mara Municipal de Nelas, Jos\u00e9 Borges da Silva, juntamente com o executivo<\/p>\n","protected":false},"author":4,"featured_media":5800,"comment_status":"open","ping_status":"open","sticky":false,"template":"","format":"standard","meta":[],"categories":[462],"tags":[196,1861],"_links":{"self":[{"href":"https:\/\/www1.esev.ipv.pt\/dacomunicacao\/index.php?rest_route=\/wp\/v2\/posts\/5799"}],"collection":[{"href":"https:\/\/www1.esev.ipv.pt\/dacomunicacao\/index.php?rest_route=\/wp\/v2\/posts"}],"about":[{"href":"https:\/\/www1.esev.ipv.pt\/dacomunicacao\/index.php?rest_route=\/wp\/v2\/types\/post"}],"author":[{"embeddable":true,"href":"https:\/\/www1.esev.ipv.pt\/dacomunicacao\/index.php?rest_route=\/wp\/v2\/users\/4"}],"replies":[{"embeddable":true,"href":"https:\/\/www1.esev.ipv.pt\/dacomunicacao\/index.php?rest_route=%2Fwp%2Fv2%2Fcomments&post=5799"}],"version-history":[{"count":1,"href":"https:\/\/www1.esev.ipv.pt\/dacomunicacao\/index.php?rest_route=\/wp\/v2\/posts\/5799\/revisions"}],"predecessor-version":[{"id":5801,"href":"https:\/\/www1.esev.ipv.pt\/dacomunicacao\/index.php?rest_route=\/wp\/v2\/posts\/5799\/revisions\/5801"}],"wp:featuredmedia":[{"embeddable":true,"href":"https:\/\/www1.esev.ipv.pt\/dacomunicacao\/index.php?rest_route=\/wp\/v2\/media\/5800"}],"wp:attachment":[{"href":"https:\/\/www1.esev.ipv.pt\/dacomunicacao\/index.php?rest_route=%2Fwp%2Fv2%2Fmedia&parent=5799"}],"wp:term":[{"taxonomy":"category","embeddable":true,"href":"https:\/\/www1.esev.ipv.pt\/dacomunicacao\/index.php?rest_route=%2Fwp%2Fv2%2Fcategories&post=5799"},{"taxonomy":"post_tag","embeddable":true,"href":"https:\/\/www1.esev.ipv.pt\/dacomunicacao\/index.php?rest_route=%2Fwp%2Fv2%2Ftags&post=5799"}],"curies":[{"name":"wp","href":"https:\/\/api.w.org\/{rel}","templated":true}]}}