{"id":579,"date":"2016-05-30T16:02:22","date_gmt":"2016-05-30T16:02:22","guid":{"rendered":"http:\/\/www.esev.ipv.pt\/dacomunicacao\/?p=579"},"modified":"2016-05-30T16:02:22","modified_gmt":"2016-05-30T16:02:22","slug":"estudante-bairradina-abraca-projeto-no-algarve","status":"publish","type":"post","link":"https:\/\/www1.esev.ipv.pt\/dacomunicacao\/?p=579","title":{"rendered":"Estudante Bairradina \u201cabra\u00e7a\u201d projeto no Algarve"},"content":{"rendered":"<p><em>Mariana Maia, aluna bairradina, estuda Ortoprotesia na Universidade do Algarve. Juntamente com um colega e um professor-orientador,\u00a0decidiram\u00a0participar no concurso nacional, promovido por uma farmac\u00eautica, a Angellini. Este projeto tem como \u00e2mbito o desenvolvimento de\u00a0Produtos, Servi\u00e7os ou Projetos Sociais destinados a doentes oncol\u00f3gicos em situa\u00e7\u00e3o de cuidados paliativos.<\/em><\/p>\n<p><img loading=\"lazy\" class=\"alignnone size-medium wp-image-580\" src=\"http:\/\/www.esev.ipv.pt\/dacomunicacao\/wp-content\/uploads\/2016\/05\/FB_IMG_1464197343802-300x300.jpg\" alt=\"FB_IMG_1464197343802\" width=\"300\" height=\"300\" srcset=\"https:\/\/www1.esev.ipv.pt\/dacomunicacao\/wp-content\/uploads\/2016\/05\/FB_IMG_1464197343802-300x300.jpg 300w, https:\/\/www1.esev.ipv.pt\/dacomunicacao\/wp-content\/uploads\/2016\/05\/FB_IMG_1464197343802-150x150.jpg 150w, https:\/\/www1.esev.ipv.pt\/dacomunicacao\/wp-content\/uploads\/2016\/05\/FB_IMG_1464197343802-768x768.jpg 768w, https:\/\/www1.esev.ipv.pt\/dacomunicacao\/wp-content\/uploads\/2016\/05\/FB_IMG_1464197343802-1024x1024.jpg 1024w, https:\/\/www1.esev.ipv.pt\/dacomunicacao\/wp-content\/uploads\/2016\/05\/FB_IMG_1464197343802.jpg 1532w\" sizes=\"(max-width: 300px) 100vw, 300px\" \/><br \/>\n<strong>Como surgiu este projeto?<\/strong><br \/>\nEste projeto surgiu a partir de um concurso que se est\u00e1 a realizar a n\u00edvel nacional, e que consiste em desenvolver algo que possa ajudar pessoas que se encontram em cuidados paliativos, mas que ainda n\u00e3o exista no marcado. Dois colaboradores do concurso realizaram uma visita \u00e0 nossa universidade, onde nos foi explicado no que consistia e o que era preciso para participar no concurso. Decidimos, ent\u00e3o,\u00a0participar com a ajuda de um professor.<\/p>\n<p><strong>Que prepara\u00e7\u00e3o \u00e9 necess\u00e1rio ter para a elabora\u00e7\u00e3o de um projeto destes?<\/strong><br \/>\nPara este projeto, e atendendo \u00e0 nossa \u00e1rea, temos que que ver o que existe no mercado, pesquisar e analisar atrav\u00e9s de v\u00e1rios artigos cient\u00edficos as patologias associadas, e ver, dentro do que fazemos, como conseguimos criar algo que possa favorecer ou melhorar as condi\u00e7\u00f5es de vida destas pessoas.<\/p>\n<p><strong>Em que fase se encontra o projeto?<\/strong><br \/>\nO projeto encontra-se ainda numa fase muito inicial. J\u00e1 temos algumas informa\u00e7\u00f5es relacionadas com as patologias, temos agora que pesquisar e desenvolver a parte tecnol\u00f3gica, para mais tarde e, se poss\u00edvel, desenvolvermos um prot\u00f3tipo.<\/p>\n<p><strong>A n\u00edvel patol\u00f3gico, espera ter muita ades\u00e3o por parte da popula\u00e7\u00e3o?<\/strong><br \/>\nComo se trata de uma popula\u00e7\u00e3o bastante fragilizada e a viver os seus \u00faltimos dias de vida, em que o interesse \u00e9 reduzir ao m\u00e1ximo a sintomatologia, pensamos que este possa vir a ser um dispositivo bastante utilizado.<\/p>\n<p><strong>Acha que este projeto \u00e9 uma mais-valia para a popula\u00e7\u00e3o? <\/strong><br \/>\nSe tudo aquilo que temos idealizado para o projeto funcionar como estamos \u00e0 espera, penso que a popula\u00e7\u00e3o ir\u00e1 beneficiar com este dispositivo, portanto sim \u00e9 ser\u00e1 uma mais-valia.<\/p>\n<p><strong>Sara Pereira<\/strong><\/p>\n","protected":false},"excerpt":{"rendered":"<p>Mariana Maia, aluna bairradina, estuda Ortoprotesia na Universidade do Algarve. Juntamente com um colega e um professor-orientador,\u00a0decidiram\u00a0participar no concurso nacional,<\/p>\n","protected":false},"author":4,"featured_media":580,"comment_status":"open","ping_status":"open","sticky":false,"template":"","format":"standard","meta":[],"categories":[11],"tags":[45,39],"_links":{"self":[{"href":"https:\/\/www1.esev.ipv.pt\/dacomunicacao\/index.php?rest_route=\/wp\/v2\/posts\/579"}],"collection":[{"href":"https:\/\/www1.esev.ipv.pt\/dacomunicacao\/index.php?rest_route=\/wp\/v2\/posts"}],"about":[{"href":"https:\/\/www1.esev.ipv.pt\/dacomunicacao\/index.php?rest_route=\/wp\/v2\/types\/post"}],"author":[{"embeddable":true,"href":"https:\/\/www1.esev.ipv.pt\/dacomunicacao\/index.php?rest_route=\/wp\/v2\/users\/4"}],"replies":[{"embeddable":true,"href":"https:\/\/www1.esev.ipv.pt\/dacomunicacao\/index.php?rest_route=%2Fwp%2Fv2%2Fcomments&post=579"}],"version-history":[{"count":1,"href":"https:\/\/www1.esev.ipv.pt\/dacomunicacao\/index.php?rest_route=\/wp\/v2\/posts\/579\/revisions"}],"predecessor-version":[{"id":581,"href":"https:\/\/www1.esev.ipv.pt\/dacomunicacao\/index.php?rest_route=\/wp\/v2\/posts\/579\/revisions\/581"}],"wp:featuredmedia":[{"embeddable":true,"href":"https:\/\/www1.esev.ipv.pt\/dacomunicacao\/index.php?rest_route=\/wp\/v2\/media\/580"}],"wp:attachment":[{"href":"https:\/\/www1.esev.ipv.pt\/dacomunicacao\/index.php?rest_route=%2Fwp%2Fv2%2Fmedia&parent=579"}],"wp:term":[{"taxonomy":"category","embeddable":true,"href":"https:\/\/www1.esev.ipv.pt\/dacomunicacao\/index.php?rest_route=%2Fwp%2Fv2%2Fcategories&post=579"},{"taxonomy":"post_tag","embeddable":true,"href":"https:\/\/www1.esev.ipv.pt\/dacomunicacao\/index.php?rest_route=%2Fwp%2Fv2%2Ftags&post=579"}],"curies":[{"name":"wp","href":"https:\/\/api.w.org\/{rel}","templated":true}]}}