{"id":5660,"date":"2019-01-23T13:40:31","date_gmt":"2019-01-23T13:40:31","guid":{"rendered":"http:\/\/www.esev.ipv.pt\/dacomunicacao\/?p=5660"},"modified":"2019-01-23T13:40:31","modified_gmt":"2019-01-23T13:40:31","slug":"conselho-pedagogico-e-conselho-tecnico-cientifico-da-esev-tomaram-posse","status":"publish","type":"post","link":"https:\/\/www1.esev.ipv.pt\/dacomunicacao\/?p=5660","title":{"rendered":"Conselho Pedag\u00f3gico e Conselho T\u00e9cnico-Cient\u00edfico da ESEV tomaram posse"},"content":{"rendered":"<p><em><strong>A sala do Conselho Geral do Instituto Polit\u00e9cnico de Viseu (IPV) acolheu novos atos p\u00fablicos da institui\u00e7\u00e3o. O presidente do IPV, professor Jo\u00e3o Monney Paiva, conferiu posse no dia 18 de janeiro aos membros de dois novos \u00f3rg\u00e3os de gest\u00e3o da Escola Superior de Educa\u00e7\u00e3o de Viseu (ESEV): Conselho Pedag\u00f3gico e Conselho T\u00e9cnico-Cient\u00edfico.<\/strong><\/em><\/p>\n<p><img loading=\"lazy\" class=\"alignnone wp-image-5665 size-large\" src=\"http:\/\/www.esev.ipv.pt\/dacomunicacao\/wp-content\/uploads\/2019\/01\/CP_ESEV-1024x413.jpg\" alt=\"\" width=\"800\" height=\"323\" srcset=\"https:\/\/www1.esev.ipv.pt\/dacomunicacao\/wp-content\/uploads\/2019\/01\/CP_ESEV-1024x413.jpg 1024w, https:\/\/www1.esev.ipv.pt\/dacomunicacao\/wp-content\/uploads\/2019\/01\/CP_ESEV-300x121.jpg 300w, https:\/\/www1.esev.ipv.pt\/dacomunicacao\/wp-content\/uploads\/2019\/01\/CP_ESEV-768x310.jpg 768w\" sizes=\"(max-width: 800px) 100vw, 800px\" \/><\/p>\n<p>Depois de prestados os competentes compromissos de honra e das assinaturas dos termos de posse, o presidente do Polit\u00e9cnico de Viseu, na sua interven\u00e7\u00e3o, come\u00e7ou por \u201cfelicitar todos os que agora tomam posse e agradecer institucionalmente a sua disponibilidade para o exerc\u00edcio das fun\u00e7\u00f5es que v\u00e3o desempenhar\u201d. O professor Jo\u00e3o Monney Paiva sublinhou ainda a relev\u00e2ncia para a institui\u00e7\u00e3o de diversos projetos que se encontram com candidaturas abertas: Est\u00edmulo ao Emprego Cient\u00edfico, Projetos de Investiga\u00e7\u00e3o Cient\u00edfica e Desenvolvimento Tecnol\u00f3gico em Institutos e Escolas Polit\u00e9cnicas, bem como a cria\u00e7\u00e3o de redes internacionais de mecanismos de inser\u00e7\u00e3o.<\/p>\n<p>&nbsp;<\/p>\n<p><strong>Conselho pedag\u00f3gico da Escola Superior de Educa\u00e7\u00e3o de Viseu<\/strong><\/p>\n<p>Os membros que nesta data foram empossados passam a integrar o novo Conselho Pedag\u00f3gico da ESEV. A cerim\u00f3nia surge na sequ\u00eancia do processo eleitoral para a constitui\u00e7\u00e3o do referido \u00f3rg\u00e3o e do despacho de homologa\u00e7\u00e3o do presidente do IPV.<\/p>\n<p>Os novos elementos que passam a constituir o \u00f3rg\u00e3o s\u00e3o: Jos\u00e9 Pereira, Jorge Fraga, Paula Rodrigues, Pedro Coutinho, Abel Figueiredo, Lu\u00eds Menezes, Esperan\u00e7a Ribeiro, Lu\u00edsa Augusto, Ana Paula Cardoso, Ant\u00f3nio Ribeiro, Isabel Aires de Matos, Susana Fonseca, Sara Felizardo, Teresa Gouveia e V\u00e9ronique Delplancq, na qualidade de representantes do corpo docente; e Ana Pestana, Daniela Pereira, Vinicius Freire, Vasco Fernandes, Fl\u00e1vio Amaral, Elsa Pereira, Leonor Xar\u00e1, Ismael Pereira, Stephanie Melo, Diogo Rodrigues, Ema Almeida, Edgar Campos, Tadeu Celestino, Catarina Pimentel e Bruno Faria, como representantes dos estudantes.<\/p>\n<p>O Conselho Pedag\u00f3gico (CP) \u00e9 um \u00f3rg\u00e3o de gest\u00e3o da Escola Superior de Educa\u00e7\u00e3o do Instituto Polit\u00e9cnico de Viseu constitu\u00eddo por igual n\u00famero de representantes do corpo docente e de representantes dos estudantes: um docente e um estudante de cada comiss\u00e3o dos cursos conferentes de grau, eleitos pelos seus pares, e um professor representante do gabinete t\u00e9cnico de Coopera\u00e7\u00e3o Interinstitucional, em paridade com um estudante, eleito pela Associa\u00e7\u00e3o de Estudantes. O mandato \u00e9 de dois anos.<\/p>\n<p>Entre outras, s\u00e3o compet\u00eancias do CP da ESEV elaborar e aprovar o seu regimento; pronunciar-se sobre as orienta\u00e7\u00f5es pedag\u00f3gicas e os m\u00e9todos de ensino e de avalia\u00e7\u00e3o, em estreita colabora\u00e7\u00e3o com os trabalhos desenvolvidos a este n\u00edvel na ESEV; participar ativamente no processo de avalia\u00e7\u00e3o e acredita\u00e7\u00e3o das forma\u00e7\u00f5es e na concretiza\u00e7\u00e3o dos objetivos do Processo de Bolonha; promover a realiza\u00e7\u00e3o de inqu\u00e9ritos ao desempenho pedag\u00f3gico da Escola e a sua an\u00e1lise e divulga\u00e7\u00e3o; participar na realiza\u00e7\u00e3o da avalia\u00e7\u00e3o do desempenho pedag\u00f3gico dos docentes, por estes e pelos estudantes, e na sua an\u00e1lise e divulga\u00e7\u00e3o; aprovar o regulamento de avalia\u00e7\u00e3o do aproveitamento dos estudantes; pronunciar-se sobre a cria\u00e7\u00e3o de ciclos de estudos e sobre os planos dos ciclos de estudos ministrados; promover a realiza\u00e7\u00e3o de novas experi\u00eancias pedag\u00f3gicas e propor a\u00e7\u00f5es tendentes \u00e0 melhoria do ensino e ao sucesso escolar.<\/p>\n<p>&nbsp;<\/p>\n<p><strong>Conselho t\u00e9cnico-cient\u00edfico da Escola Superior de Educa\u00e7\u00e3o de Viseu<\/strong><\/p>\n<p>Os membros que agora foram empossados passam a integrar o novo Conselho T\u00e9cnico-Cient\u00edfico da ESEV. A cerim\u00f3nia surge na sequ\u00eancia do processo eleitoral para a constitui\u00e7\u00e3o do referido \u00f3rg\u00e3o e do despacho de homologa\u00e7\u00e3o do presidente do IPV.<\/p>\n<p>Os novos elementos que passam a constituir o \u00f3rg\u00e3o s\u00e3o os docentes: Ana Paula Cardoso, Esperan\u00e7a Ribeiro, Belmiro Rego, Em\u00edlia Martins, Francisco Mendes, Isabel Aires de Matos, Jo\u00e3o Paulo Balula, Cristina Azevedo Gomes, Isabel Abrantes, Susana Fidalgo, Abel Figueiredo, Ana Melo, Patr\u00edcia Martins, Antonino Pereira, Jo\u00e3o Nunes, Jo\u00e3o Rocha, Jorge Fraga, Lu\u00eds Menezes, Jos\u00e9 Pereira, Lu\u00eds Sousa, Lu\u00edsa Augusto, Teresa Antas de Barros, Paula Rodrigues, Sara Felizardo e Teresa Gouveia.<\/p>\n<p>O Conselho T\u00e9cnico-Cient\u00edfico (CTC) \u00e9 um \u00f3rg\u00e3o de gest\u00e3o da Escola Superior de Educa\u00e7\u00e3o do Instituto Polit\u00e9cnico de Viseu composto por um m\u00e1ximo de 25 membros eleitos por listas de entre os seus pares. O mandato \u00e9 de dois anos.<\/p>\n<p>Entre outras atribui\u00e7\u00f5es, compete ao Conselho T\u00e9cnico-Cient\u00edfico da ESEV elaborar o seu regimento; pronunciar-se sobre as linhas orientadoras das pol\u00edticas a prosseguir pela Escola, nos dom\u00ednios cient\u00edfico, pedag\u00f3gico, da investiga\u00e7\u00e3o, da cultura e da presta\u00e7\u00e3o de servi\u00e7os \u00e0 comunidade, zelando pela manuten\u00e7\u00e3o do princ\u00edpio de autonomia cient\u00edfica; deliberar sobre credita\u00e7\u00f5es e equival\u00eancias, nos termos da legisla\u00e7\u00e3o em vigor; instruir os pedidos de credita\u00e7\u00e3o; participar no processo de avalia\u00e7\u00e3o e acredita\u00e7\u00e3o das forma\u00e7\u00f5es e na concretiza\u00e7\u00e3o dos objetivos do Processo de Bolonha; promover a avalia\u00e7\u00e3o de todas as atividades de investiga\u00e7\u00e3o e desenvolvimento no \u00e2mbito da Escola, bem como a avalia\u00e7\u00e3o cient\u00edfica dos cursos e dos docentes; apreciar o plano de atividades cient\u00edficas da unidade ou da institui\u00e7\u00e3o; pronunciar-se sobre a cria\u00e7\u00e3o de ciclos de estudos e aprovar os respetivos planos curriculares.<\/p>\n","protected":false},"excerpt":{"rendered":"<p>A sala do Conselho Geral do Instituto Polit\u00e9cnico de Viseu (IPV) acolheu novos atos p\u00fablicos da institui\u00e7\u00e3o. O presidente do<\/p>\n","protected":false},"author":4,"featured_media":5664,"comment_status":"open","ping_status":"open","sticky":false,"template":"","format":"standard","meta":[],"categories":[462],"tags":[1814,1813,290,292,188],"_links":{"self":[{"href":"https:\/\/www1.esev.ipv.pt\/dacomunicacao\/index.php?rest_route=\/wp\/v2\/posts\/5660"}],"collection":[{"href":"https:\/\/www1.esev.ipv.pt\/dacomunicacao\/index.php?rest_route=\/wp\/v2\/posts"}],"about":[{"href":"https:\/\/www1.esev.ipv.pt\/dacomunicacao\/index.php?rest_route=\/wp\/v2\/types\/post"}],"author":[{"embeddable":true,"href":"https:\/\/www1.esev.ipv.pt\/dacomunicacao\/index.php?rest_route=\/wp\/v2\/users\/4"}],"replies":[{"embeddable":true,"href":"https:\/\/www1.esev.ipv.pt\/dacomunicacao\/index.php?rest_route=%2Fwp%2Fv2%2Fcomments&post=5660"}],"version-history":[{"count":3,"href":"https:\/\/www1.esev.ipv.pt\/dacomunicacao\/index.php?rest_route=\/wp\/v2\/posts\/5660\/revisions"}],"predecessor-version":[{"id":5666,"href":"https:\/\/www1.esev.ipv.pt\/dacomunicacao\/index.php?rest_route=\/wp\/v2\/posts\/5660\/revisions\/5666"}],"wp:featuredmedia":[{"embeddable":true,"href":"https:\/\/www1.esev.ipv.pt\/dacomunicacao\/index.php?rest_route=\/wp\/v2\/media\/5664"}],"wp:attachment":[{"href":"https:\/\/www1.esev.ipv.pt\/dacomunicacao\/index.php?rest_route=%2Fwp%2Fv2%2Fmedia&parent=5660"}],"wp:term":[{"taxonomy":"category","embeddable":true,"href":"https:\/\/www1.esev.ipv.pt\/dacomunicacao\/index.php?rest_route=%2Fwp%2Fv2%2Fcategories&post=5660"},{"taxonomy":"post_tag","embeddable":true,"href":"https:\/\/www1.esev.ipv.pt\/dacomunicacao\/index.php?rest_route=%2Fwp%2Fv2%2Ftags&post=5660"}],"curies":[{"name":"wp","href":"https:\/\/api.w.org\/{rel}","templated":true}]}}