{"id":5442,"date":"2018-12-12T10:22:12","date_gmt":"2018-12-12T10:22:12","guid":{"rendered":"http:\/\/www.esev.ipv.pt\/dacomunicacao\/?p=5442"},"modified":"2018-12-12T10:22:12","modified_gmt":"2018-12-12T10:22:12","slug":"municipio-de-mangualde-assinalou-dia-internacional-das-pessoas-com-deficiencia","status":"publish","type":"post","link":"https:\/\/www1.esev.ipv.pt\/dacomunicacao\/?p=5442","title":{"rendered":"Munic\u00edpio de Mangualde assinalou Dia Internacional das Pessoas com Defici\u00eancia"},"content":{"rendered":"<p class=\"m_775240704671027513MsoPlainText\"><em><strong>Foi na passada sexta-feira, dia 7 de dezembro, que a Escola Secund\u00e1ria Felismina Alc\u00e2ntara recebeu o Presidente da Federa\u00e7\u00e3o Portuguesa de Atletismo, Jorge Vieira, numa iniciativa que assinalou o Dia Internacional das Pessoas com Defici\u00eancia. O momento, organizado pela C\u00e2mara Municipal de Mangualde e o Agrupamentos de Escolas de Mangualde, contou com a presen\u00e7a da vereadora da A\u00e7\u00e3o Social, Maria Jos\u00e9 Coelho.<\/strong><\/em><\/p>\n<p class=\"m_775240704671027513MsoPlainText\"><img loading=\"lazy\" class=\"alignnone wp-image-5443 size-large\" src=\"http:\/\/www.esev.ipv.pt\/dacomunicacao\/wp-content\/uploads\/2018\/12\/Dia-Internacional-das-Pessoas-com-Deficiencia-2-1024x768.jpg\" alt=\"\" width=\"800\" height=\"600\" srcset=\"https:\/\/www1.esev.ipv.pt\/dacomunicacao\/wp-content\/uploads\/2018\/12\/Dia-Internacional-das-Pessoas-com-Deficiencia-2-1024x768.jpg 1024w, https:\/\/www1.esev.ipv.pt\/dacomunicacao\/wp-content\/uploads\/2018\/12\/Dia-Internacional-das-Pessoas-com-Deficiencia-2-300x225.jpg 300w, https:\/\/www1.esev.ipv.pt\/dacomunicacao\/wp-content\/uploads\/2018\/12\/Dia-Internacional-das-Pessoas-com-Deficiencia-2-768x576.jpg 768w\" sizes=\"(max-width: 800px) 100vw, 800px\" \/><\/p>\n<p class=\"m_775240704671027513MsoPlainText\">O evento contou com uma demonstra\u00e7\u00e3o de v\u00e1rias modalidades desportivas (Karat\u00e9, Boccia) no Pavilh\u00e3o Gimnodesportivo da Escola Secund\u00e1ria Felismina Alc\u00e2ntara e com uma sess\u00e3o dirigida a estudantes do 9.\u00ba ano de escolaridade e do secund\u00e1rio e dinamizada pelo o Presidente da Federa\u00e7\u00e3o Portuguesa de Atletismo<b>.<\/b><\/p>\n<p class=\"m_775240704671027513MsoPlainText\">O Dia Internacional das Pessoas com Defici\u00eancia comemora-se anualmente a 3 de dezembro. Esta celebra\u00e7\u00e3o realiza-se desde 1998, ano em que a Organiza\u00e7\u00e3o das Na\u00e7\u00f5es Unidas avan\u00e7ou com a conven\u00e7\u00e3o sobre os direitos das pessoas com defici\u00eancia. A data tem como principal objetivo a motiva\u00e7\u00e3o para uma maior compreens\u00e3o dos assuntos relativos \u00e0 defici\u00eancia e a mobiliza\u00e7\u00e3o para a defesa da dignidade, dos direitos e do bem-estar destas pessoas.<\/p>\n<p class=\"m_775240704671027513MsoPlainText\">Todos os anos, o Dia Internacional das Pessoas com Defici\u00eancia tem um tema espec\u00edfico, que pauta as atividades e eventos deste dia. Em 2018 o tema \u00e9 &#8220;Emponderando pessoas com defici\u00eancia e garantindo inclus\u00e3o e igualdade&#8221;.<\/p>\n","protected":false},"excerpt":{"rendered":"<p>Foi na passada sexta-feira, dia 7 de dezembro, que a Escola Secund\u00e1ria Felismina Alc\u00e2ntara recebeu o Presidente da Federa\u00e7\u00e3o Portuguesa<\/p>\n","protected":false},"author":4,"featured_media":5444,"comment_status":"open","ping_status":"open","sticky":false,"template":"","format":"standard","meta":[],"categories":[462],"tags":[1684,1727,162],"_links":{"self":[{"href":"https:\/\/www1.esev.ipv.pt\/dacomunicacao\/index.php?rest_route=\/wp\/v2\/posts\/5442"}],"collection":[{"href":"https:\/\/www1.esev.ipv.pt\/dacomunicacao\/index.php?rest_route=\/wp\/v2\/posts"}],"about":[{"href":"https:\/\/www1.esev.ipv.pt\/dacomunicacao\/index.php?rest_route=\/wp\/v2\/types\/post"}],"author":[{"embeddable":true,"href":"https:\/\/www1.esev.ipv.pt\/dacomunicacao\/index.php?rest_route=\/wp\/v2\/users\/4"}],"replies":[{"embeddable":true,"href":"https:\/\/www1.esev.ipv.pt\/dacomunicacao\/index.php?rest_route=%2Fwp%2Fv2%2Fcomments&post=5442"}],"version-history":[{"count":1,"href":"https:\/\/www1.esev.ipv.pt\/dacomunicacao\/index.php?rest_route=\/wp\/v2\/posts\/5442\/revisions"}],"predecessor-version":[{"id":5445,"href":"https:\/\/www1.esev.ipv.pt\/dacomunicacao\/index.php?rest_route=\/wp\/v2\/posts\/5442\/revisions\/5445"}],"wp:featuredmedia":[{"embeddable":true,"href":"https:\/\/www1.esev.ipv.pt\/dacomunicacao\/index.php?rest_route=\/wp\/v2\/media\/5444"}],"wp:attachment":[{"href":"https:\/\/www1.esev.ipv.pt\/dacomunicacao\/index.php?rest_route=%2Fwp%2Fv2%2Fmedia&parent=5442"}],"wp:term":[{"taxonomy":"category","embeddable":true,"href":"https:\/\/www1.esev.ipv.pt\/dacomunicacao\/index.php?rest_route=%2Fwp%2Fv2%2Fcategories&post=5442"},{"taxonomy":"post_tag","embeddable":true,"href":"https:\/\/www1.esev.ipv.pt\/dacomunicacao\/index.php?rest_route=%2Fwp%2Fv2%2Ftags&post=5442"}],"curies":[{"name":"wp","href":"https:\/\/api.w.org\/{rel}","templated":true}]}}