{"id":5433,"date":"2018-12-13T10:00:33","date_gmt":"2018-12-13T10:00:33","guid":{"rendered":"http:\/\/www.esev.ipv.pt\/dacomunicacao\/?p=5433"},"modified":"2018-12-12T10:35:48","modified_gmt":"2018-12-12T10:35:48","slug":"magia-do-natal-espalha-se-pelo-municipio-de-nelas","status":"publish","type":"post","link":"https:\/\/www1.esev.ipv.pt\/dacomunicacao\/?p=5433","title":{"rendered":"Magia do Natal espalha-se pelo Munic\u00edpio de Nelas"},"content":{"rendered":"<p><strong><em>A Pra\u00e7a do Munic\u00edpio, em Nelas, foi o centro de toda a anima\u00e7\u00e3o, onde foi instalada uma Tenda de Circo que albergou de 6 a 9 de dezembro a edi\u00e7\u00e3o 2018 do D\u00e3o Natal, o Mercado de Natal do Munic\u00edpio de Nelas. Como pano de fundo esteve o edif\u00edcio da C\u00e2mara Municipal de Nelas, iluminado propositadamente para a ocasi\u00e3o.<\/em><\/strong><\/p>\n<p>Nos dias 6 e 7, a anima\u00e7\u00e3o circense divertiu as mais de 1200 crian\u00e7as do pr\u00e9-escolar e 1\u00ba e 2\u00ba Ciclos do Ensino B\u00e1sico p\u00fablico e particular do Concelho. N\u00e3o faltou a visita do Pai Natal que, juntamente com Jos\u00e9 Borges da Silva, Presidente da C\u00e2mara Municipal de Nelas, fizeram a distribui\u00e7\u00e3o de Pais Natal de chocolate.<\/p>\n<p>A ilumina\u00e7\u00e3o de Natal foi oficialmente inaugurada no dia 8 de dezembro, durante a tarde, com arruadas e anima\u00e7\u00e3o musical por todo o concelho. Estiveram presentes o Grupo de Bombos do Pa\u00e7o, o Grupo Roncos \u00d3 Alto, o Grupo de Concertinas Os Vouguinhas, Cantigas na Eira, o Grupo de Cavaquinhos de Castel\u00f5es e o Grupo de Concertinas Foles e Cantorias. Em todas as freguesias esteve o Presidente da C\u00e2mara que, em conjunto com os Presidentes das Juntas de Freguesia, acenderam uma \u00e1rvore de Natal fazendo com que a magia da \u00e9poca chegue a todos os lugares. A iniciativa reuniu os mun\u00edcipes que sa\u00edram \u00e0 rua e receberam com alegria os grupos num misto de conv\u00edvio e partilha.<\/p>\n<p>A chegada do Pai Natal marcou o in\u00edcio do Mercado de Natal na Pra\u00e7a do Munic\u00edpio. No primeiro dia, a anima\u00e7\u00e3o esteve a cargo do Teatro H\u00e1bitos e da SM2F \u2013 Banda de Santar. Em perman\u00eancia durante o fim-de-semana estiveram os artes\u00e3os do concelho, deixando ideias originais para oferecer neste Natal, n\u00e3o faltando tamb\u00e9m deliciosas ofertas gastron\u00f3micas. Para os mais pequenos foi preparado o espa\u00e7o crian\u00e7a com diversas atividades, entre as quais se destacam as pinturas faciais e o trono do Pai Natal.<\/p>\n<p>Durante a tarde de s\u00e1bado Artistas Pl\u00e1sticos do Concelho estiveram a pintar ao vivo temas alusivos \u00e0 \u00e9poca natal\u00edcia. Teve tamb\u00e9m lugar a Christmas Night Run, a Corrida\/ Caminhada Solid\u00e1ria, que este ano se associou \u00e0 causa solid\u00e1ria do Munic\u00edpio \u2013 D\u00e3o com Cora\u00e7\u00e3o \u2013 pedindo aos participantes um donativo. A noite terminou com a atua\u00e7\u00e3o, no palco do Mercado de Natal, dos Grupos de Concertinas Os Vouguinhas, Cantigas na Eira, Grupo de Cavaquinhos de Castel\u00f5es e Grupo de Concertinas Foles e Cantorias.<\/p>\n<p>Coube ao Coro da Universidade S\u00e9nior de Nelas a abertura do \u00faltimo dia do Mercado de Natal. A eles se seguiu a apresenta\u00e7\u00e3o da Escola Municipal de M\u00fasica de Nelas. A meio da tarde, os presentes puderam assistir \u00e0 \u201cOficina Com Sabor Chocolate\u201d que contou com a presen\u00e7a doce da Chef Marina Rebelo, da Velvet, que criou especialmente para a ocasi\u00e3o uma sobremesa que fez a del\u00edcia de quem a degustou.<\/p>\n<p>O grupo de alunos da ContraCanto encheu o palco do Mercado, bem como os cora\u00e7\u00f5es do p\u00fablico com can\u00e7\u00f5es natal\u00edcias. Encerrou-se assim, com chave de ouro a edi\u00e7\u00e3o 2018 do D\u00e3o Natal no Munic\u00edpio de Nelas.<\/p>\n<p>&nbsp;<\/p>\n","protected":false},"excerpt":{"rendered":"<p>A Pra\u00e7a do Munic\u00edpio, em Nelas, foi o centro de toda a anima\u00e7\u00e3o, onde foi instalada uma Tenda de Circo<\/p>\n","protected":false},"author":4,"featured_media":5434,"comment_status":"open","ping_status":"open","sticky":false,"template":"","format":"standard","meta":[],"categories":[462],"tags":[328,196],"_links":{"self":[{"href":"https:\/\/www1.esev.ipv.pt\/dacomunicacao\/index.php?rest_route=\/wp\/v2\/posts\/5433"}],"collection":[{"href":"https:\/\/www1.esev.ipv.pt\/dacomunicacao\/index.php?rest_route=\/wp\/v2\/posts"}],"about":[{"href":"https:\/\/www1.esev.ipv.pt\/dacomunicacao\/index.php?rest_route=\/wp\/v2\/types\/post"}],"author":[{"embeddable":true,"href":"https:\/\/www1.esev.ipv.pt\/dacomunicacao\/index.php?rest_route=\/wp\/v2\/users\/4"}],"replies":[{"embeddable":true,"href":"https:\/\/www1.esev.ipv.pt\/dacomunicacao\/index.php?rest_route=%2Fwp%2Fv2%2Fcomments&post=5433"}],"version-history":[{"count":1,"href":"https:\/\/www1.esev.ipv.pt\/dacomunicacao\/index.php?rest_route=\/wp\/v2\/posts\/5433\/revisions"}],"predecessor-version":[{"id":5435,"href":"https:\/\/www1.esev.ipv.pt\/dacomunicacao\/index.php?rest_route=\/wp\/v2\/posts\/5433\/revisions\/5435"}],"wp:featuredmedia":[{"embeddable":true,"href":"https:\/\/www1.esev.ipv.pt\/dacomunicacao\/index.php?rest_route=\/wp\/v2\/media\/5434"}],"wp:attachment":[{"href":"https:\/\/www1.esev.ipv.pt\/dacomunicacao\/index.php?rest_route=%2Fwp%2Fv2%2Fmedia&parent=5433"}],"wp:term":[{"taxonomy":"category","embeddable":true,"href":"https:\/\/www1.esev.ipv.pt\/dacomunicacao\/index.php?rest_route=%2Fwp%2Fv2%2Fcategories&post=5433"},{"taxonomy":"post_tag","embeddable":true,"href":"https:\/\/www1.esev.ipv.pt\/dacomunicacao\/index.php?rest_route=%2Fwp%2Fv2%2Ftags&post=5433"}],"curies":[{"name":"wp","href":"https:\/\/api.w.org\/{rel}","templated":true}]}}