{"id":5171,"date":"2018-12-04T11:14:25","date_gmt":"2018-12-04T11:14:25","guid":{"rendered":"http:\/\/www.esev.ipv.pt\/dacomunicacao\/?p=5171"},"modified":"2018-12-04T11:14:25","modified_gmt":"2018-12-04T11:14:25","slug":"conferencia-sobre-aprendizagem-ao-longo-da-vida-no-politecnico-de-viseu","status":"publish","type":"post","link":"https:\/\/www1.esev.ipv.pt\/dacomunicacao\/?p=5171","title":{"rendered":"Confer\u00eancia sobre aprendizagem ao longo da vida no Polit\u00e9cnico de Viseu"},"content":{"rendered":"<p class=\"m_921079555791577803x_MsoNormal\"><em><strong>O Conselho Econ\u00f3mico e Social (CES) encontra-se a organizar uma confer\u00eancia intitulada\u00a0\u201cAprendizagem ao Longo da Vida: Estrat\u00e9gias e Experi\u00eancias\u201d,\u00a0a realizar no dia 6 de dezembro de 2018, no Instituto Polit\u00e9cnico de Viseu.<\/strong><\/em><u><\/u><u><\/u><\/p>\n<p class=\"m_921079555791577803x_MsoNormal\">A aprendizagem ao longo da vida \u00e9 vital para a manuten\u00e7\u00e3o da empregabilidade, da redu\u00e7\u00e3o do desemprego, do combate \u00e0 exclus\u00e3o social e \u00e0 promo\u00e7\u00e3o da igualdade de oportunidades. Mas \u00e9 tamb\u00e9m essencial para a inova\u00e7\u00e3o e o aumento da produtividade. Raz\u00f5es que imp\u00f5em uma abordagem pelos membros do CES, \u00f3rg\u00e3o plural com capacidade de influenciar o Estado e os agentes econ\u00f3micos e sociais.<u><\/u><u><\/u><\/p>\n<p class=\"m_921079555791577803x_MsoNormal\">Portugal registou assinal\u00e1veis progressos no n\u00edvel educacional da sua popula\u00e7\u00e3o ao longo das \u00faltimas d\u00e9cadas. No entanto, subsistem problemas associados ao baixo n\u00edvel de qualifica\u00e7\u00f5es da popula\u00e7\u00e3o portuguesa em rela\u00e7\u00e3o aos pa\u00edses da Uni\u00e3o Europeia e \u00e0 assimetria geracional dessas qualifica\u00e7\u00f5es. Por outro lado, os desenvolvimentos recentes n\u00e3o contribuem para a sua corre\u00e7\u00e3o: a percentagem de trabalhadores em processos de aprendizagem ao longo da vida \u00e9 inferior \u00e0 m\u00e9dia europeia e centra-se nos trabalhadores com mais qualifica\u00e7\u00f5es, acentuando os padr\u00f5es de diverg\u00eancia.<u><\/u><u><\/u><\/p>\n<p class=\"m_921079555791577803x_MsoNormal\">Tamb\u00e9m a atual descida do desemprego vem atribuir uma import\u00e2ncia refor\u00e7ada a este tema, com a presen\u00e7a cada vez mais escassa de algumas qualifica\u00e7\u00f5es no mercado de trabalho a constituir um obst\u00e1culo crescente ao emprego e ao desenvolvimento econ\u00f3mico.\u00a0<u><\/u><u><\/u><\/p>\n<p class=\"m_921079555791577803x_MsoNormal\">A confer\u00eancia contar\u00e1 com o contributo dos parceiros sociais e representantes da sociedade civil, bem como de acad\u00e9micos e de especialistas com reconhecida reflex\u00e3o sobre o tema.<u><\/u><u><\/u><\/p>\n<p class=\"m_921079555791577803x_MsoNormal\">Link de inscri\u00e7\u00e3o:\u00a0<a id=\"m_921079555791577803LPlnk940982\" class=\"m_921079555791577803OWAAutoLink\" href=\"https:\/\/goo.gl\/forms\/YNnk3nAu44HvPRtT2\" target=\"_blank\" rel=\"noopener noreferrer\" data-saferedirecturl=\"https:\/\/www.google.com\/url?q=https:\/\/goo.gl\/forms\/YNnk3nAu44HvPRtT2&amp;source=gmail&amp;ust=1543597676802000&amp;usg=AFQjCNHQ4mkB0IhXsrS2SPSA_xYcRn7adQ\">https:\/\/goo.gl\/forms\/<wbr \/>YNnk3nAu44HvPRtT2<\/a><\/p>\n","protected":false},"excerpt":{"rendered":"<p>O Conselho Econ\u00f3mico e Social (CES) encontra-se a organizar uma confer\u00eancia intitulada\u00a0\u201cAprendizagem ao Longo da Vida: Estrat\u00e9gias e Experi\u00eancias\u201d,\u00a0a realizar<\/p>\n","protected":false},"author":4,"featured_media":5172,"comment_status":"open","ping_status":"open","sticky":false,"template":"","format":"standard","meta":[],"categories":[462,11],"tags":[1665,1666,778,188],"_links":{"self":[{"href":"https:\/\/www1.esev.ipv.pt\/dacomunicacao\/index.php?rest_route=\/wp\/v2\/posts\/5171"}],"collection":[{"href":"https:\/\/www1.esev.ipv.pt\/dacomunicacao\/index.php?rest_route=\/wp\/v2\/posts"}],"about":[{"href":"https:\/\/www1.esev.ipv.pt\/dacomunicacao\/index.php?rest_route=\/wp\/v2\/types\/post"}],"author":[{"embeddable":true,"href":"https:\/\/www1.esev.ipv.pt\/dacomunicacao\/index.php?rest_route=\/wp\/v2\/users\/4"}],"replies":[{"embeddable":true,"href":"https:\/\/www1.esev.ipv.pt\/dacomunicacao\/index.php?rest_route=%2Fwp%2Fv2%2Fcomments&post=5171"}],"version-history":[{"count":1,"href":"https:\/\/www1.esev.ipv.pt\/dacomunicacao\/index.php?rest_route=\/wp\/v2\/posts\/5171\/revisions"}],"predecessor-version":[{"id":5173,"href":"https:\/\/www1.esev.ipv.pt\/dacomunicacao\/index.php?rest_route=\/wp\/v2\/posts\/5171\/revisions\/5173"}],"wp:featuredmedia":[{"embeddable":true,"href":"https:\/\/www1.esev.ipv.pt\/dacomunicacao\/index.php?rest_route=\/wp\/v2\/media\/5172"}],"wp:attachment":[{"href":"https:\/\/www1.esev.ipv.pt\/dacomunicacao\/index.php?rest_route=%2Fwp%2Fv2%2Fmedia&parent=5171"}],"wp:term":[{"taxonomy":"category","embeddable":true,"href":"https:\/\/www1.esev.ipv.pt\/dacomunicacao\/index.php?rest_route=%2Fwp%2Fv2%2Fcategories&post=5171"},{"taxonomy":"post_tag","embeddable":true,"href":"https:\/\/www1.esev.ipv.pt\/dacomunicacao\/index.php?rest_route=%2Fwp%2Fv2%2Ftags&post=5171"}],"curies":[{"name":"wp","href":"https:\/\/api.w.org\/{rel}","templated":true}]}}