{"id":4988,"date":"2018-11-28T10:01:48","date_gmt":"2018-11-28T10:01:48","guid":{"rendered":"http:\/\/www.esev.ipv.pt\/dacomunicacao\/?p=4988"},"modified":"2018-11-27T11:04:04","modified_gmt":"2018-11-27T11:04:04","slug":"imi-atinge-numeros-historicos-em-lisboa","status":"publish","type":"post","link":"https:\/\/www1.esev.ipv.pt\/dacomunicacao\/?p=4988","title":{"rendered":"IMI atinge n\u00fameros hist\u00f3ricos em Lisboa"},"content":{"rendered":"<p><strong><em>Na capital, o Imposto Municipal sobre Im\u00f3veis (IMI) perfaz 14% das receitas totais do munic\u00edpio. Em 10 anos, os valores pagos pelos propriet\u00e1rios de im\u00f3veis em Lisboa sobem mais de 30 milh\u00f5es.<\/em><\/strong><\/p>\n<p>O montante de 118 milh\u00f5es de euros registado no ano de 2017, em Lisboa, \u00e9 o mais alto desde que h\u00e1 registos de pagamento do IMI em territ\u00f3rio nacional. Assim, prolonga-se o aumento exponencial que se averba desde h\u00e1 uma d\u00e9cada, com a exce\u00e7\u00e3o de 2013. Em 2007, os valores cifravam-se nos 84 milh\u00f5es de euros, menos 34 milh\u00f5es do montante atual.<\/p>\n<p>Apesar da soma hist\u00f3rica, os custos do IMI poderiam ser ainda mais elevados para os donos de im\u00f3veis em Lisboa. A explica\u00e7\u00e3o prende-se com a aplica\u00e7\u00e3o da taxa se situar nos 0,30%, ao inv\u00e9s dos 0,50%, a quota m\u00e1xima de acordo com o artigo 112\u00ba do C\u00f3digo do IMI.<\/p>\n<p>Caso a C\u00e2mara de Lisboa aplicasse a taxa m\u00e1xima, os valores ascendiam at\u00e9 aos 200 milh\u00f5es, ou seja, registar-se-ia um incremento de cerca de 80 milh\u00f5es nos cofres do munic\u00edpio. Isto significaria, em m\u00e9dia, um acr\u00e9scimo de 155\u20ac por cidad\u00e3o.<\/p>\n<p>Existem tr\u00eas formas de pagamento do IMI, conforme o valor. Quando o montante do IMI \u00e9 inferior a 250 euros, \u00e9 liquidado na totalidade no m\u00eas de abril. Se ficar entre 250 e 500 euros, \u00e9 repartido em duas presta\u00e7\u00f5es, em abril e novembro. Se o valor superar os 500 euros, o pagamento \u00e9 efetuado em tr\u00eas presta\u00e7\u00f5es: abril, julho e novembro.<\/p>\n<p>&nbsp;<\/p>\n<p><strong>Texto: Jo\u00e3o Miguel Carvalho<\/strong><\/p>\n","protected":false},"excerpt":{"rendered":"<p>Na capital, o Imposto Municipal sobre Im\u00f3veis (IMI) perfaz 14% das receitas totais do munic\u00edpio. Em 10 anos, os valores<\/p>\n","protected":false},"author":4,"featured_media":4504,"comment_status":"open","ping_status":"open","sticky":false,"template":"","format":"standard","meta":[],"categories":[399],"tags":[1479,1480,57],"_links":{"self":[{"href":"https:\/\/www1.esev.ipv.pt\/dacomunicacao\/index.php?rest_route=\/wp\/v2\/posts\/4988"}],"collection":[{"href":"https:\/\/www1.esev.ipv.pt\/dacomunicacao\/index.php?rest_route=\/wp\/v2\/posts"}],"about":[{"href":"https:\/\/www1.esev.ipv.pt\/dacomunicacao\/index.php?rest_route=\/wp\/v2\/types\/post"}],"author":[{"embeddable":true,"href":"https:\/\/www1.esev.ipv.pt\/dacomunicacao\/index.php?rest_route=\/wp\/v2\/users\/4"}],"replies":[{"embeddable":true,"href":"https:\/\/www1.esev.ipv.pt\/dacomunicacao\/index.php?rest_route=%2Fwp%2Fv2%2Fcomments&post=4988"}],"version-history":[{"count":1,"href":"https:\/\/www1.esev.ipv.pt\/dacomunicacao\/index.php?rest_route=\/wp\/v2\/posts\/4988\/revisions"}],"predecessor-version":[{"id":4989,"href":"https:\/\/www1.esev.ipv.pt\/dacomunicacao\/index.php?rest_route=\/wp\/v2\/posts\/4988\/revisions\/4989"}],"wp:featuredmedia":[{"embeddable":true,"href":"https:\/\/www1.esev.ipv.pt\/dacomunicacao\/index.php?rest_route=\/wp\/v2\/media\/4504"}],"wp:attachment":[{"href":"https:\/\/www1.esev.ipv.pt\/dacomunicacao\/index.php?rest_route=%2Fwp%2Fv2%2Fmedia&parent=4988"}],"wp:term":[{"taxonomy":"category","embeddable":true,"href":"https:\/\/www1.esev.ipv.pt\/dacomunicacao\/index.php?rest_route=%2Fwp%2Fv2%2Fcategories&post=4988"},{"taxonomy":"post_tag","embeddable":true,"href":"https:\/\/www1.esev.ipv.pt\/dacomunicacao\/index.php?rest_route=%2Fwp%2Fv2%2Ftags&post=4988"}],"curies":[{"name":"wp","href":"https:\/\/api.w.org\/{rel}","templated":true}]}}