{"id":4701,"date":"2018-11-16T12:43:55","date_gmt":"2018-11-16T12:43:55","guid":{"rendered":"http:\/\/www.esev.ipv.pt\/dacomunicacao\/?p=4701"},"modified":"2018-11-16T12:43:55","modified_gmt":"2018-11-16T12:43:55","slug":"sao-pedro-do-sul-assinala-convencao-dos-direitos-da-crianca","status":"publish","type":"post","link":"https:\/\/www1.esev.ipv.pt\/dacomunicacao\/?p=4701","title":{"rendered":"S\u00e3o Pedro do Sul assinala conven\u00e7\u00e3o dos direitos da crian\u00e7a"},"content":{"rendered":"<p><strong><em>A Comiss\u00e3o de Prote\u00e7\u00e3o de Crian\u00e7as e Jovens (CPCJ) de S. Pedro do Sul, em parceria com o Munic\u00edpio e os Agrupamentos Escolares, associam-se \u00e0s comemora\u00e7\u00f5es do Anivers\u00e1rio da Conven\u00e7\u00e3o sobre os Direitos da Crian\u00e7a, que se assinala no dia 20 de novembro.<\/em><\/strong><u><\/u><u><\/u><\/p>\n<p>Ser\u00e3o expostas na C\u00e2mara Municipal faixas em tecido, preenchidas \u00e0 m\u00e3o pelos alunos do Agrupamento de Escolas de S. Pedro do Sul, com l\u00e3s de v\u00e1rias cores, que versam sobre os Direitos Humanos.<u><\/u><u><\/u><\/p>\n<p>Nos jardins-de-inf\u00e2ncia do Agrupamento de Escolas de Santa Cruz da Trapa, da MutKids e da creche Bugalhinha tamb\u00e9m se abordar\u00e1 a tem\u00e1tica dos direitos das crian\u00e7as com a participa\u00e7\u00e3o no Dia Nacional do Pijama, que se assinala no dia 20 de novembro, quando crian\u00e7as e adultos v\u00e3o para a escola vestidos de pijama, levam o seu boneco\/peluche preferido e assim passam este dia com atividades divertidas e educativas, vivenciando um ambiente mais pr\u00f3ximo do familiar, lembrando a todos a nobre causa: \u201cUma crian\u00e7a tem direito a crescer numa fam\u00edlia&#8221;.<u><\/u><u><\/u><\/p>\n<p>Al\u00e9m disso, a Miss\u00e3o Pijama assume tamb\u00e9m uma vertente solid\u00e1ria, com a recolha de pequenos donativos junto dos familiares, para ajudar outras crian\u00e7as a terem tamb\u00e9m uma fam\u00edlia.<\/p>\n","protected":false},"excerpt":{"rendered":"<p>A Comiss\u00e3o de Prote\u00e7\u00e3o de Crian\u00e7as e Jovens (CPCJ) de S. Pedro do Sul, em parceria com o Munic\u00edpio e<\/p>\n","protected":false},"author":4,"featured_media":4702,"comment_status":"open","ping_status":"open","sticky":false,"template":"","format":"standard","meta":[],"categories":[462],"tags":[1168,1375,1034,1473],"_links":{"self":[{"href":"https:\/\/www1.esev.ipv.pt\/dacomunicacao\/index.php?rest_route=\/wp\/v2\/posts\/4701"}],"collection":[{"href":"https:\/\/www1.esev.ipv.pt\/dacomunicacao\/index.php?rest_route=\/wp\/v2\/posts"}],"about":[{"href":"https:\/\/www1.esev.ipv.pt\/dacomunicacao\/index.php?rest_route=\/wp\/v2\/types\/post"}],"author":[{"embeddable":true,"href":"https:\/\/www1.esev.ipv.pt\/dacomunicacao\/index.php?rest_route=\/wp\/v2\/users\/4"}],"replies":[{"embeddable":true,"href":"https:\/\/www1.esev.ipv.pt\/dacomunicacao\/index.php?rest_route=%2Fwp%2Fv2%2Fcomments&post=4701"}],"version-history":[{"count":1,"href":"https:\/\/www1.esev.ipv.pt\/dacomunicacao\/index.php?rest_route=\/wp\/v2\/posts\/4701\/revisions"}],"predecessor-version":[{"id":4703,"href":"https:\/\/www1.esev.ipv.pt\/dacomunicacao\/index.php?rest_route=\/wp\/v2\/posts\/4701\/revisions\/4703"}],"wp:featuredmedia":[{"embeddable":true,"href":"https:\/\/www1.esev.ipv.pt\/dacomunicacao\/index.php?rest_route=\/wp\/v2\/media\/4702"}],"wp:attachment":[{"href":"https:\/\/www1.esev.ipv.pt\/dacomunicacao\/index.php?rest_route=%2Fwp%2Fv2%2Fmedia&parent=4701"}],"wp:term":[{"taxonomy":"category","embeddable":true,"href":"https:\/\/www1.esev.ipv.pt\/dacomunicacao\/index.php?rest_route=%2Fwp%2Fv2%2Fcategories&post=4701"},{"taxonomy":"post_tag","embeddable":true,"href":"https:\/\/www1.esev.ipv.pt\/dacomunicacao\/index.php?rest_route=%2Fwp%2Fv2%2Ftags&post=4701"}],"curies":[{"name":"wp","href":"https:\/\/api.w.org\/{rel}","templated":true}]}}