{"id":4194,"date":"2018-09-14T11:07:56","date_gmt":"2018-09-14T11:07:56","guid":{"rendered":"http:\/\/www.esev.ipv.pt\/dacomunicacao\/?p=4194"},"modified":"2018-09-14T11:07:56","modified_gmt":"2018-09-14T11:07:56","slug":"noite-europeia-dos-investigadores-em-viseu","status":"publish","type":"post","link":"https:\/\/www1.esev.ipv.pt\/dacomunicacao\/?p=4194","title":{"rendered":"Noite europeia dos investigadores em Viseu"},"content":{"rendered":"<p><em><strong>A Noite Europeia dos Investigadores (NEI) chega a Viseu, pelo Instituto Polit\u00e9cnico, no pr\u00f3ximo dia 28 de setembro. Este evento conta, internacionalmente, com a participa\u00e7\u00e3o de mais de 300 cidades. A NEI aproxima investigadores e o grande p\u00fablico num conv\u00edvio informal, l\u00fadico e educativo.<\/strong><\/em><\/p>\n<p>A organiza\u00e7\u00e3o local pretende iniciar a celebra\u00e7\u00e3o da NEI com um espa\u00e7o aberto de discuss\u00e3o, pelo que ir\u00e1 realizar um debate, subordinado ao tema \u201cSoft skills: as compet\u00eancias vitais para o s\u00e9culo XXI?\u201d, na v\u00e9spera do dia oficial, no dia 27 de setembro.<\/p>\n<p>A Noite Europeia dos Investigadores decorrer\u00e1 no dia 28 de Setembro, no Pavilh\u00e3o do Instituto Polit\u00e9cnico de Viseu, com um hor\u00e1rio entre as 14h00 e as 18h00 para as escolas e das 18h00 \u00e0s 22h00 para o p\u00fablico em geral.<\/p>\n<p>Informa\u00e7\u00e3o adicional e inscri\u00e7\u00f5es em\u00a0<a href=\"https:\/\/dep.estgv.ipv.pt\/departamentos\/ernatviseu\/\">https:\/\/dep.estgv.ipv.pt\/departamentos\/ernatviseu\/<\/a><\/p>\n","protected":false},"excerpt":{"rendered":"<p>A Noite Europeia dos Investigadores (NEI) chega a Viseu, pelo Instituto Polit\u00e9cnico, no pr\u00f3ximo dia 28 de setembro. Este evento<\/p>\n","protected":false},"author":4,"featured_media":4195,"comment_status":"open","ping_status":"open","sticky":false,"template":"","format":"standard","meta":[],"categories":[15,462],"tags":[681,290,330,1276],"_links":{"self":[{"href":"https:\/\/www1.esev.ipv.pt\/dacomunicacao\/index.php?rest_route=\/wp\/v2\/posts\/4194"}],"collection":[{"href":"https:\/\/www1.esev.ipv.pt\/dacomunicacao\/index.php?rest_route=\/wp\/v2\/posts"}],"about":[{"href":"https:\/\/www1.esev.ipv.pt\/dacomunicacao\/index.php?rest_route=\/wp\/v2\/types\/post"}],"author":[{"embeddable":true,"href":"https:\/\/www1.esev.ipv.pt\/dacomunicacao\/index.php?rest_route=\/wp\/v2\/users\/4"}],"replies":[{"embeddable":true,"href":"https:\/\/www1.esev.ipv.pt\/dacomunicacao\/index.php?rest_route=%2Fwp%2Fv2%2Fcomments&post=4194"}],"version-history":[{"count":1,"href":"https:\/\/www1.esev.ipv.pt\/dacomunicacao\/index.php?rest_route=\/wp\/v2\/posts\/4194\/revisions"}],"predecessor-version":[{"id":4196,"href":"https:\/\/www1.esev.ipv.pt\/dacomunicacao\/index.php?rest_route=\/wp\/v2\/posts\/4194\/revisions\/4196"}],"wp:featuredmedia":[{"embeddable":true,"href":"https:\/\/www1.esev.ipv.pt\/dacomunicacao\/index.php?rest_route=\/wp\/v2\/media\/4195"}],"wp:attachment":[{"href":"https:\/\/www1.esev.ipv.pt\/dacomunicacao\/index.php?rest_route=%2Fwp%2Fv2%2Fmedia&parent=4194"}],"wp:term":[{"taxonomy":"category","embeddable":true,"href":"https:\/\/www1.esev.ipv.pt\/dacomunicacao\/index.php?rest_route=%2Fwp%2Fv2%2Fcategories&post=4194"},{"taxonomy":"post_tag","embeddable":true,"href":"https:\/\/www1.esev.ipv.pt\/dacomunicacao\/index.php?rest_route=%2Fwp%2Fv2%2Ftags&post=4194"}],"curies":[{"name":"wp","href":"https:\/\/api.w.org\/{rel}","templated":true}]}}