{"id":3978,"date":"2018-08-07T13:25:41","date_gmt":"2018-08-07T13:25:41","guid":{"rendered":"http:\/\/www.esev.ipv.pt\/dacomunicacao\/?p=3978"},"modified":"2018-08-07T13:25:41","modified_gmt":"2018-08-07T13:25:41","slug":"sabores-tradicionais-em-abrunhosa-a-velha","status":"publish","type":"post","link":"https:\/\/www1.esev.ipv.pt\/dacomunicacao\/?p=3978","title":{"rendered":"Sabores tradicionais em Abrunhosa-a-Velha"},"content":{"rendered":"<p style=\"font-weight: 400;\"><em><strong>O Encontro Gastron\u00f3mico de Abrunhosa-a-Velha coloca novamente em destaque a gastronomia tradicional do concelho de Mangualde. A iniciativa, que j\u00e1 vai na sua 5\u00aa edi\u00e7\u00e3o, realizar-se-\u00e1 no dia 11 de agosto, s\u00e1bado, a partir das 17h00, e, como habitualmente, no Centro da Aldeia.<\/strong><\/em><\/p>\n<p style=\"font-weight: 400;\">\u00a0A sopa de barbo do Chefe Jo\u00e3o Tom\u00e9, os roj\u00f5es \u00e0 moda da Abrunhosa do Chefe Alfredo, o rancho \u00e0 moda de Mangualde do Chefe Neca, as pataniscas com arroz de feij\u00e3o da Chefe Ivone e o p\u00e3o no forno a lenha e bolos de chouri\u00e7o do Chefe Am\u00e9rico far\u00e3o as del\u00edcias de todos os presentes. A entrada tem o custo simb\u00f3lico de cinco euros e permitir\u00e1 aos visitantes provar os v\u00e1rios \u201cpratos\u201d apresentados, bem como desfrutar de muita anima\u00e7\u00e3o.<\/p>\n<p style=\"font-weight: 400;\">A iniciativa, promovida pela Junta de freguesia de Abrunhosa-a-Velha e pela C\u00e2mara Municipal de Mangualde, conta com o apoio do grupo Desportivo e Recreativo de Vila Mendo de Tavares, da Associa\u00e7\u00e3o Humanit\u00e1ria e Cultural de Abrunhosa-a-Velha, do Estrela do Mondego Futebol Club, do Centro Paroquial de Abrunhosa-a-Velha, do Racho de Carnaval da Freguesia de Abrunhosa-a-Velha e das Marchas dos Santos Populares de Abrunhosa-a-Velha e com o patroc\u00ednio da COAPE, do Hotel Mira Serra e da Quimirep.<\/p>\n","protected":false},"excerpt":{"rendered":"<p>O Encontro Gastron\u00f3mico de Abrunhosa-a-Velha coloca novamente em destaque a gastronomia tradicional do concelho de Mangualde. A iniciativa, que j\u00e1<\/p>\n","protected":false},"author":4,"featured_media":3979,"comment_status":"open","ping_status":"open","sticky":false,"template":"","format":"standard","meta":[],"categories":[462],"tags":[1224,162],"_links":{"self":[{"href":"https:\/\/www1.esev.ipv.pt\/dacomunicacao\/index.php?rest_route=\/wp\/v2\/posts\/3978"}],"collection":[{"href":"https:\/\/www1.esev.ipv.pt\/dacomunicacao\/index.php?rest_route=\/wp\/v2\/posts"}],"about":[{"href":"https:\/\/www1.esev.ipv.pt\/dacomunicacao\/index.php?rest_route=\/wp\/v2\/types\/post"}],"author":[{"embeddable":true,"href":"https:\/\/www1.esev.ipv.pt\/dacomunicacao\/index.php?rest_route=\/wp\/v2\/users\/4"}],"replies":[{"embeddable":true,"href":"https:\/\/www1.esev.ipv.pt\/dacomunicacao\/index.php?rest_route=%2Fwp%2Fv2%2Fcomments&post=3978"}],"version-history":[{"count":1,"href":"https:\/\/www1.esev.ipv.pt\/dacomunicacao\/index.php?rest_route=\/wp\/v2\/posts\/3978\/revisions"}],"predecessor-version":[{"id":3980,"href":"https:\/\/www1.esev.ipv.pt\/dacomunicacao\/index.php?rest_route=\/wp\/v2\/posts\/3978\/revisions\/3980"}],"wp:featuredmedia":[{"embeddable":true,"href":"https:\/\/www1.esev.ipv.pt\/dacomunicacao\/index.php?rest_route=\/wp\/v2\/media\/3979"}],"wp:attachment":[{"href":"https:\/\/www1.esev.ipv.pt\/dacomunicacao\/index.php?rest_route=%2Fwp%2Fv2%2Fmedia&parent=3978"}],"wp:term":[{"taxonomy":"category","embeddable":true,"href":"https:\/\/www1.esev.ipv.pt\/dacomunicacao\/index.php?rest_route=%2Fwp%2Fv2%2Fcategories&post=3978"},{"taxonomy":"post_tag","embeddable":true,"href":"https:\/\/www1.esev.ipv.pt\/dacomunicacao\/index.php?rest_route=%2Fwp%2Fv2%2Ftags&post=3978"}],"curies":[{"name":"wp","href":"https:\/\/api.w.org\/{rel}","templated":true}]}}