{"id":3848,"date":"2018-07-09T11:03:28","date_gmt":"2018-07-09T11:03:28","guid":{"rendered":"http:\/\/www.esev.ipv.pt\/dacomunicacao\/?p=3848"},"modified":"2018-07-09T11:03:28","modified_gmt":"2018-07-09T11:03:28","slug":"inscricoes-abertas-para-festival-de-docaria-de-vouzela","status":"publish","type":"post","link":"https:\/\/www1.esev.ipv.pt\/dacomunicacao\/?p=3848","title":{"rendered":"Inscri\u00e7\u00f5es abertas para Festival de Do\u00e7aria de Vouzela"},"content":{"rendered":"<p><em><strong>A C\u00e2mara Municipal de Vouzela informa que est\u00e3o abertas as inscri\u00e7\u00f5es para o X Festival de Do\u00e7aria \u201cDoce Vouzela\u201d, certame promovido pela autarquia e que se realizar\u00e1 nos dias 28 e 29 de julho.<\/strong><\/em><\/p>\n<p>Assim, todos os produtores regionais de doces, oriundos exclusivamente de Vouzela, Oliveira de Frades e S. Pedro do Sul, que pretenderem expor no festival de do\u00e7aria poder\u00e3o inscrever-se at\u00e9 ao dia 13 de julho, no Posto de Turismo de Vouzela ou atrav\u00e9s do contacto 232 740 070.<\/p>\n<p>A inscri\u00e7\u00e3o \u00e9 gratuita.<\/p>\n<p>&nbsp;<\/p>\n","protected":false},"excerpt":{"rendered":"<p>A C\u00e2mara Municipal de Vouzela informa que est\u00e3o abertas as inscri\u00e7\u00f5es para o X Festival de Do\u00e7aria \u201cDoce Vouzela\u201d, certame<\/p>\n","protected":false},"author":4,"featured_media":3849,"comment_status":"open","ping_status":"open","sticky":false,"template":"","format":"standard","meta":[],"categories":[462],"tags":[1154,1193,1192],"_links":{"self":[{"href":"https:\/\/www1.esev.ipv.pt\/dacomunicacao\/index.php?rest_route=\/wp\/v2\/posts\/3848"}],"collection":[{"href":"https:\/\/www1.esev.ipv.pt\/dacomunicacao\/index.php?rest_route=\/wp\/v2\/posts"}],"about":[{"href":"https:\/\/www1.esev.ipv.pt\/dacomunicacao\/index.php?rest_route=\/wp\/v2\/types\/post"}],"author":[{"embeddable":true,"href":"https:\/\/www1.esev.ipv.pt\/dacomunicacao\/index.php?rest_route=\/wp\/v2\/users\/4"}],"replies":[{"embeddable":true,"href":"https:\/\/www1.esev.ipv.pt\/dacomunicacao\/index.php?rest_route=%2Fwp%2Fv2%2Fcomments&post=3848"}],"version-history":[{"count":1,"href":"https:\/\/www1.esev.ipv.pt\/dacomunicacao\/index.php?rest_route=\/wp\/v2\/posts\/3848\/revisions"}],"predecessor-version":[{"id":3850,"href":"https:\/\/www1.esev.ipv.pt\/dacomunicacao\/index.php?rest_route=\/wp\/v2\/posts\/3848\/revisions\/3850"}],"wp:featuredmedia":[{"embeddable":true,"href":"https:\/\/www1.esev.ipv.pt\/dacomunicacao\/index.php?rest_route=\/wp\/v2\/media\/3849"}],"wp:attachment":[{"href":"https:\/\/www1.esev.ipv.pt\/dacomunicacao\/index.php?rest_route=%2Fwp%2Fv2%2Fmedia&parent=3848"}],"wp:term":[{"taxonomy":"category","embeddable":true,"href":"https:\/\/www1.esev.ipv.pt\/dacomunicacao\/index.php?rest_route=%2Fwp%2Fv2%2Fcategories&post=3848"},{"taxonomy":"post_tag","embeddable":true,"href":"https:\/\/www1.esev.ipv.pt\/dacomunicacao\/index.php?rest_route=%2Fwp%2Fv2%2Ftags&post=3848"}],"curies":[{"name":"wp","href":"https:\/\/api.w.org\/{rel}","templated":true}]}}