{"id":3190,"date":"2018-05-29T09:17:40","date_gmt":"2018-05-29T09:17:40","guid":{"rendered":"http:\/\/www.esev.ipv.pt\/dacomunicacao\/?p=3190"},"modified":"2018-05-29T10:21:08","modified_gmt":"2018-05-29T10:21:08","slug":"fisica-para-todos-no-ipv","status":"publish","type":"post","link":"https:\/\/www1.esev.ipv.pt\/dacomunicacao\/?p=3190","title":{"rendered":"F\u00edsica para todos no IPV"},"content":{"rendered":"<p><em><strong>O Departamento de Engenharia Civil (DEC) do Instituto Polit\u00e9cnico de Viseu (IPV) realizou a 2.\u00aa edi\u00e7\u00e3o das atividades de &#8220;F\u00edsica para Todos&#8221;. Anualmente, o DEC-IPV, atrav\u00e9s das dire\u00e7\u00f5es dos agrupamentos de escolas, convida os alunos que frequentam aulas de F\u00edsico-Qu\u00edmica (10.\u00ba e 11.\u00ba anos), de F\u00edsica (12.\u00ba ano) e de disciplinas com conte\u00fados de F\u00edsica das escolas secund\u00e1rias e profissionais da regi\u00e3o para visitarem o Departamento de Engenharia Civil e realizarem diversas experi\u00eancias desta \u00e1rea, cujos fundamentos s\u00e3o empregues na Engenharia Civil.<\/strong><\/em><\/p>\n<p><img loading=\"lazy\" class=\"alignnone size-medium wp-image-3192\" src=\"http:\/\/www.esev.ipv.pt\/dacomunicacao\/wp-content\/uploads\/2018\/05\/Img_2425-300x225.jpg\" alt=\"\" width=\"300\" height=\"225\" srcset=\"https:\/\/www1.esev.ipv.pt\/dacomunicacao\/wp-content\/uploads\/2018\/05\/Img_2425-300x225.jpg 300w, https:\/\/www1.esev.ipv.pt\/dacomunicacao\/wp-content\/uploads\/2018\/05\/Img_2425.jpg 500w\" sizes=\"(max-width: 300px) 100vw, 300px\" \/> <img loading=\"lazy\" class=\"alignnone size-medium wp-image-3191\" src=\"http:\/\/www.esev.ipv.pt\/dacomunicacao\/wp-content\/uploads\/2018\/05\/Img_2421-300x225.jpg\" alt=\"\" width=\"300\" height=\"225\" srcset=\"https:\/\/www1.esev.ipv.pt\/dacomunicacao\/wp-content\/uploads\/2018\/05\/Img_2421-300x225.jpg 300w, https:\/\/www1.esev.ipv.pt\/dacomunicacao\/wp-content\/uploads\/2018\/05\/Img_2421.jpg 500w\" sizes=\"(max-width: 300px) 100vw, 300px\" \/><\/p>\n<p>Com esta iniciativa, o DEC pretende sensibilizar os alunos do ensino secund\u00e1rio e profissional para o estudo e compreens\u00e3o da F\u00edsica, uma vez que o n\u00famero de alunos que frequentam a disciplina no 12.\u00ba ano tem vindo a diminuir.<\/p>\n<p><img loading=\"lazy\" class=\"alignnone size-medium wp-image-3194\" src=\"http:\/\/www.esev.ipv.pt\/dacomunicacao\/wp-content\/uploads\/2018\/05\/Img_2426-300x225.jpg\" alt=\"\" width=\"300\" height=\"225\" srcset=\"https:\/\/www1.esev.ipv.pt\/dacomunicacao\/wp-content\/uploads\/2018\/05\/Img_2426-300x225.jpg 300w, https:\/\/www1.esev.ipv.pt\/dacomunicacao\/wp-content\/uploads\/2018\/05\/Img_2426.jpg 500w\" sizes=\"(max-width: 300px) 100vw, 300px\" \/> <img loading=\"lazy\" class=\"alignnone size-medium wp-image-3195\" src=\"http:\/\/www.esev.ipv.pt\/dacomunicacao\/wp-content\/uploads\/2018\/05\/Img_2435-300x225.jpg\" alt=\"\" width=\"300\" height=\"225\" srcset=\"https:\/\/www1.esev.ipv.pt\/dacomunicacao\/wp-content\/uploads\/2018\/05\/Img_2435-300x225.jpg 300w, https:\/\/www1.esev.ipv.pt\/dacomunicacao\/wp-content\/uploads\/2018\/05\/Img_2435.jpg 500w\" sizes=\"(max-width: 300px) 100vw, 300px\" \/><\/p>\n<p>O evento &#8220;F\u00edsica para Todos&#8221; consiste na realiza\u00e7\u00e3o de 8 experi\u00eancias de F\u00edsica nos laborat\u00f3rios do DEC (Hidr\u00e1ulica e Recursos H\u00eddricos; Geotecnia; Planeamento e Urbanismo; Transportes e Vias de Comunica\u00e7\u00e3o), nomeadamente: atividade com o teodolito; determina\u00e7\u00e3o do coeficiente de atrito est\u00e1tico; hidrodin\u00e2mica \u2013 movimento dos fluidos; lan\u00e7amento de proj\u00e9teis; conserva\u00e7\u00e3o da energia mec\u00e2nica; estudo da resist\u00eancia de uma ponte de cartolina; princ\u00edpio de Arquimedes; e movimento harm\u00f3nico simples e resson\u00e2ncia.<\/p>\n<p><img loading=\"lazy\" class=\"alignnone size-medium wp-image-3196\" src=\"http:\/\/www.esev.ipv.pt\/dacomunicacao\/wp-content\/uploads\/2018\/05\/Img_2438-300x225.jpg\" alt=\"\" width=\"300\" height=\"225\" srcset=\"https:\/\/www1.esev.ipv.pt\/dacomunicacao\/wp-content\/uploads\/2018\/05\/Img_2438-300x225.jpg 300w, https:\/\/www1.esev.ipv.pt\/dacomunicacao\/wp-content\/uploads\/2018\/05\/Img_2438.jpg 500w\" sizes=\"(max-width: 300px) 100vw, 300px\" \/> <img loading=\"lazy\" class=\"alignnone size-medium wp-image-3197\" src=\"http:\/\/www.esev.ipv.pt\/dacomunicacao\/wp-content\/uploads\/2018\/05\/Img_2439-300x225.jpg\" alt=\"\" width=\"300\" height=\"225\" srcset=\"https:\/\/www1.esev.ipv.pt\/dacomunicacao\/wp-content\/uploads\/2018\/05\/Img_2439-300x225.jpg 300w, https:\/\/www1.esev.ipv.pt\/dacomunicacao\/wp-content\/uploads\/2018\/05\/Img_2439.jpg 500w\" sizes=\"(max-width: 300px) 100vw, 300px\" \/><\/p>\n<p>As visitas que se realizaram em dois momentos \u2013 o primeiro no m\u00eas de fevereiro e o segundo durante o m\u00eas de maio em curso \u2013 contaram com a participa\u00e7\u00e3o das seguintes escolas: Escola Profissional de S\u00e3o Jo\u00e3o da Pesqueira (10.\u00ba e 11.\u00ba anos), Escola Secund\u00e1ria de Fornos de Algodres (10.\u00ba, 11.\u00ba e 12.\u00ba anos), Escola Profissional Mariana Seixas (11.\u00ba ano) e Escola B\u00e1sica e Secund\u00e1ria da S\u00e9 \u2013 Lamego (10.\u00ba e 11.\u00ba anos). No total o DEC-IPV recebeu a visita de 195 alunos e 12 professores.<\/p>\n<p><img loading=\"lazy\" class=\"alignnone size-medium wp-image-3199\" src=\"http:\/\/www.esev.ipv.pt\/dacomunicacao\/wp-content\/uploads\/2018\/05\/Img_2445-300x225.jpg\" alt=\"\" width=\"300\" height=\"225\" srcset=\"https:\/\/www1.esev.ipv.pt\/dacomunicacao\/wp-content\/uploads\/2018\/05\/Img_2445-300x225.jpg 300w, https:\/\/www1.esev.ipv.pt\/dacomunicacao\/wp-content\/uploads\/2018\/05\/Img_2445.jpg 500w\" sizes=\"(max-width: 300px) 100vw, 300px\" \/> <img loading=\"lazy\" class=\"alignnone size-medium wp-image-3200\" src=\"http:\/\/www.esev.ipv.pt\/dacomunicacao\/wp-content\/uploads\/2018\/05\/Img_2448-300x225.jpg\" alt=\"\" width=\"300\" height=\"225\" srcset=\"https:\/\/www1.esev.ipv.pt\/dacomunicacao\/wp-content\/uploads\/2018\/05\/Img_2448-300x225.jpg 300w, https:\/\/www1.esev.ipv.pt\/dacomunicacao\/wp-content\/uploads\/2018\/05\/Img_2448.jpg 500w\" sizes=\"(max-width: 300px) 100vw, 300px\" \/><\/p>\n<p>Recorde-se que na 1.\u00aa edi\u00e7\u00e3o desta atividade participaram 210 alunos e 12 professores (Escola Profissional de Torredeita, Escola Secund\u00e1ria de Canas de Senhorim, Escola Secund\u00e1ria de S. Pedro do Sul, Escola Secund\u00e1ria de Castro Daire, Escola Secund\u00e1ria de Vouzela, Escola Secund\u00e1ria de Molelos e Escola Secund\u00e1ria de Nelas).<\/p>\n","protected":false},"excerpt":{"rendered":"<p>O Departamento de Engenharia Civil (DEC) do Instituto Polit\u00e9cnico de Viseu (IPV) realizou a 2.\u00aa edi\u00e7\u00e3o das atividades de &#8220;F\u00edsica<\/p>\n","protected":false},"author":4,"featured_media":3193,"comment_status":"open","ping_status":"open","sticky":false,"template":"","format":"standard","meta":[],"categories":[1,462],"tags":[913,1014,330],"_links":{"self":[{"href":"https:\/\/www1.esev.ipv.pt\/dacomunicacao\/index.php?rest_route=\/wp\/v2\/posts\/3190"}],"collection":[{"href":"https:\/\/www1.esev.ipv.pt\/dacomunicacao\/index.php?rest_route=\/wp\/v2\/posts"}],"about":[{"href":"https:\/\/www1.esev.ipv.pt\/dacomunicacao\/index.php?rest_route=\/wp\/v2\/types\/post"}],"author":[{"embeddable":true,"href":"https:\/\/www1.esev.ipv.pt\/dacomunicacao\/index.php?rest_route=\/wp\/v2\/users\/4"}],"replies":[{"embeddable":true,"href":"https:\/\/www1.esev.ipv.pt\/dacomunicacao\/index.php?rest_route=%2Fwp%2Fv2%2Fcomments&post=3190"}],"version-history":[{"count":2,"href":"https:\/\/www1.esev.ipv.pt\/dacomunicacao\/index.php?rest_route=\/wp\/v2\/posts\/3190\/revisions"}],"predecessor-version":[{"id":3201,"href":"https:\/\/www1.esev.ipv.pt\/dacomunicacao\/index.php?rest_route=\/wp\/v2\/posts\/3190\/revisions\/3201"}],"wp:featuredmedia":[{"embeddable":true,"href":"https:\/\/www1.esev.ipv.pt\/dacomunicacao\/index.php?rest_route=\/wp\/v2\/media\/3193"}],"wp:attachment":[{"href":"https:\/\/www1.esev.ipv.pt\/dacomunicacao\/index.php?rest_route=%2Fwp%2Fv2%2Fmedia&parent=3190"}],"wp:term":[{"taxonomy":"category","embeddable":true,"href":"https:\/\/www1.esev.ipv.pt\/dacomunicacao\/index.php?rest_route=%2Fwp%2Fv2%2Fcategories&post=3190"},{"taxonomy":"post_tag","embeddable":true,"href":"https:\/\/www1.esev.ipv.pt\/dacomunicacao\/index.php?rest_route=%2Fwp%2Fv2%2Ftags&post=3190"}],"curies":[{"name":"wp","href":"https:\/\/api.w.org\/{rel}","templated":true}]}}